{"id":790,"date":"2015-09-18T15:35:37","date_gmt":"2015-09-18T13:35:37","guid":{"rendered":"http:\/\/www.neumeyer-abzeichen.de\/blog\/?p=790"},"modified":"2018-01-09T13:53:15","modified_gmt":"2018-01-09T11:53:15","slug":"die-entstehung-der-pfadfinderbewegung","status":"publish","type":"post","link":"https:\/\/www.neumeyer-abzeichen.de\/blog\/die-entstehung-der-pfadfinderbewegung\/","title":{"rendered":"Die Entstehung der Pfadfinderbewegung"},"content":{"rendered":"<p><a href=\"http:\/\/www.neumeyer-abzeichen.de\/blog\/wp-content\/uploads\/2015\/09\/Entstehung-der-Pfadfinder.jpg\"><img fetchpriority=\"high\" decoding=\"async\" class=\"alignright wp-image-792 size-full\" src=\"http:\/\/www.neumeyer-abzeichen.de\/blog\/wp-content\/uploads\/2015\/09\/Entstehung-der-Pfadfinder.jpg\" alt=\"Entstehung der Pfadfinder\" width=\"425\" height=\"312\" srcset=\"https:\/\/www.neumeyer-abzeichen.de\/blog\/wp-content\/uploads\/2015\/09\/Entstehung-der-Pfadfinder.jpg 425w, https:\/\/www.neumeyer-abzeichen.de\/blog\/wp-content\/uploads\/2015\/09\/Entstehung-der-Pfadfinder-300x220.jpg 300w\" sizes=\"(max-width: 425px) 100vw, 425px\" \/><\/a>Pfadfinder sind eine weltweite Bewegung, zu der mehr als 38 Millionen Kinder und Jugendliche in zahlreichen nationalen und internationalen Jugendverb\u00e4nden geh\u00f6ren. Selbst Menschen wie David Beckham, Elisabeth II, Thomas Gottschalk, Stefan Raab und G\u00fcnther Jauch waren fr\u00fcher Pfadfinder. Es gibt sie in fast jedem Land der Welt und das schon seit \u00fcber 100 Jahren.<!--more--><\/p>\n<h2>Lord Baden-Powell und die Entwicklung der Pfadfinderidee<\/h2>\n<p>Die Idee, die sich zu einer weltweiten Bewegung entwickelte, stammt von Lord Baden-Powell. Dieser war im Jahr 1899 mit 1250 anderen englischen Soldaten in der s\u00fcdafrikanischen Kleinstadt Mafeking von ca. 9000 Soldaten der Buren eingeschlossen worden. Die Situation schien aussichtslos. Dennoch dachte Oberst Baden-Powell nicht ans Aufgeben. Selbst als ein Abgesandter der Buren Baden-Powell zur Kapitulation aufforderte, lehnte er selbstbewusst ab und entschied sich stattdessen, die Stadt so lange wie m\u00f6glich zu verteidigen. In der Notlage wurden die Jungen der Stadt zu Meldel\u00e4ufern, Sp\u00e4hern und Sanit\u00e4tern ausgebildet. Mit Hilfe der jungen M\u00e4nner und verschiedenen T\u00e4uschungsman\u00f6vern gelang es Baden-Powell, die Stadt trotz der schweren Bedingungen so lange zu verteidigen, bis Verst\u00e4rkung eintraf. Nach 217 Tagen Belagerung wurden die Eingeschlossenen schlie\u00dflich am 16. Mai 1900 von der britischen Armee befreit.<\/p>\n<p>Der Einsatz der jugendlichen Sp\u00e4her inspirierte Baden-Powell dazu, ein milit\u00e4risches Handbuch mit dem Titel &#8222;Aids to Scouting&#8220; (Anleitung zum Kundschafterdienst) zu ver\u00f6ffentlichen. Mit Hilfe des Buches sollten junge Soldaten das \u201eScouting\u201c lernen. Aufgrund des Heldenstatus, den Baden-Powell in dieser Schlacht errungen hatte, stie\u00df sein Buch vor allem bei der Jugend in seiner Heimat auf gro\u00dfes Interesse. Bei seiner R\u00fcckkehr nach England stellte er erstaunt fest, dass das Buch inzwischen \u00fcberall als Grundlage f\u00fcr \u201cKundschafter\u201d-Spiele verwendet wurde. Aus diesem Spiel heraus entwickelte er ein neues Konzept f\u00fcr die Jugenderziehung.<\/p>\n<h2>Robert Baden-Powell veranstaltet das erste Pfadfinderlager<\/h2>\n<p>Am 1. August 1907 lud Baden-Powell schlie\u00dflich 22 Jungen aus allen sozialen Schichten auf die englische Kanalinsel Brownsea ein, um dieses Konzept zu erproben. Die Jungen, die f\u00fcr das Inselabenteuer ausgew\u00e4hlt wurden, wurden in vier Patrouillen unterteilt. Jeder dieser Gruppen w\u00e4hlte sich einen Anf\u00fchrer und gab sich einen Namen. Mit seinem System der kleinen Gruppe bildete Baden-Powell die Jugendlichen als Jungpfadfinder aus. Sein Konzept, das er \u201ePfadfindermethode\u201c nannte, erwies sich als voller Erfolg. Die Grundpfeiler dieser Methode \u2013 das Pfadfindergesetz und Pfadfinderversprechen, das &#8222;Learning by doing&#8220;-Prinzip, die Bildung kleiner Gruppen und die Durchf\u00fchrung abwechslungsreicher und weiterbildender Aktivit\u00e4ten \u2013 werden heute noch angewandt. Dieses Jungenlager markiert somit den Beginn der Pfadfinderbewegung.<\/p>\n<h2>Die Pfadfinderbewegung breitet sich aus<\/h2>\n<p>Aufbauend auf den Erfahrungen des Versuchslagers \u00fcberarbeitete Baden-Powell sein Buch &#8222;Aids to Scouting&#8220; und ver\u00f6ffentlichte 1908 die neue Version &#8222;Scouting for Boys&#8220; (Kundschaftung f\u00fcr Jungen), welches bis heute ein wichtiges Grundlagenwerk f\u00fcr die Pfadfinderarbeit ist. Innerhalb k\u00fcrzester Zeit wurde sein Buch zum Bestseller und seine Ideen verbreiteten sich in der ganzen Welt. Rund um den Globus entstanden unz\u00e4hlige Pfadfindergruppen. Bereits vor Beginn des Ersten Weltkrieges gab es auf allen Kontinenten au\u00dfer der Antarktis Pfadfindergruppen. Schon nach wenigen Jahren wurden die Pfadfinder in drei Altersstufen unterteilt, um eine altersgerechte Entwicklung und Lernprozesse zu f\u00f6rdern.<\/p>\n<p>Quellenangabe \/ Bild<\/p>\n<p><span style=\"color: #333333;\">\u00a9 JRB<\/span><span style=\"color: #535353;\"> \/ <a style=\"color: #893769;\" title=\"fotolia.com\" href=\"http:\/\/de.fotolia.com\/\" target=\"_blank\">Fotolia.com<\/a><\/span><\/p>\n","protected":false},"excerpt":{"rendered":"<p>Pfadfinder sind eine weltweite Bewegung, zu der mehr als 38 Millionen Kinder und Jugendliche in zahlreichen nationalen und internationalen Jugendverb\u00e4nden geh\u00f6ren. Selbst Menschen wie David Beckham, Elisabeth II, Thomas Gottschalk, Stefan Raab und G\u00fcnther Jauch waren fr\u00fcher Pfadfinder. Es gibt sie in fast jedem Land der Welt und das schon seit \u00fcber 100 Jahren.<\/p>\n","protected":false},"author":1,"featured_media":0,"comment_status":"open","ping_status":"open","sticky":false,"template":"","format":"standard","meta":{"footnotes":""},"categories":[56],"tags":[],"class_list":["post-790","post","type-post","status-publish","format-standard","hentry","category-pfadfinder"],"yoast_head":"<!-- This site is optimized with the Yoast SEO Premium plugin v26.0 (Yoast SEO v27.5) - https:\/\/yoast.com\/product\/yoast-seo-premium-wordpress\/ -->\n<title>Entstehung der Pfadfinderbewegung &amp; die Idee dahinter<\/title>\n<meta name=\"description\" content=\"Pfadfinder sind eine weltweite Bewegung, zu der mehr als 38 Millionen Kinder und Jugendliche in zahlreichen Verb\u00e4nden geh\u00f6ren &#9989; Hier mehr dar\u00fcber erfahren!\" \/>\n<meta name=\"robots\" content=\"index, follow, max-snippet:-1, max-image-preview:large, max-video-preview:-1\" \/>\n<link rel=\"canonical\" href=\"https:\/\/www.neumeyer-abzeichen.de\/blog\/die-entstehung-der-pfadfinderbewegung\/\" \/>\n<meta property=\"og:locale\" content=\"de_DE\" \/>\n<meta property=\"og:type\" content=\"article\" \/>\n<meta property=\"og:title\" content=\"Die Entstehung der Pfadfinderbewegung\" \/>\n<meta property=\"og:description\" content=\"Pfadfinder sind eine weltweite Bewegung, zu der mehr als 38 Millionen Kinder und Jugendliche in zahlreichen Verb\u00e4nden geh\u00f6ren &#9989; Hier mehr dar\u00fcber erfahren!\" \/>\n<meta property=\"og:url\" content=\"https:\/\/www.neumeyer-abzeichen.de\/blog\/die-entstehung-der-pfadfinderbewegung\/\" \/>\n<meta property=\"og:site_name\" content=\"Neumeyer-Abzeichen-Blog\" \/>\n<meta property=\"article:published_time\" content=\"2015-09-18T13:35:37+00:00\" \/>\n<meta property=\"article:modified_time\" content=\"2018-01-09T11:53:15+00:00\" \/>\n<meta property=\"og:image\" content=\"https:\/\/www.neumeyer-abzeichen.de\/blog\/wp-content\/uploads\/2015\/09\/Entstehung-der-Pfadfinder.jpg\" \/>\n\t<meta property=\"og:image:width\" content=\"425\" \/>\n\t<meta property=\"og:image:height\" content=\"312\" \/>\n\t<meta property=\"og:image:type\" content=\"image\/jpeg\" \/>\n<meta name=\"author\" content=\"Tom\" \/>\n<meta name=\"twitter:label1\" content=\"Verfasst von\" \/>\n\t<meta name=\"twitter:data1\" content=\"Tom\" \/>\n\t<meta name=\"twitter:label2\" content=\"Gesch\u00e4tzte Lesezeit\" \/>\n\t<meta name=\"twitter:data2\" content=\"3\u00a0Minuten\" \/>\n<script type=\"application\/ld+json\" class=\"yoast-schema-graph\">{\"@context\":\"https:\\\/\\\/schema.org\",\"@graph\":[{\"@type\":\"Article\",\"@id\":\"https:\\\/\\\/www.neumeyer-abzeichen.de\\\/blog\\\/die-entstehung-der-pfadfinderbewegung\\\/#article\",\"isPartOf\":{\"@id\":\"https:\\\/\\\/www.neumeyer-abzeichen.de\\\/blog\\\/die-entstehung-der-pfadfinderbewegung\\\/\"},\"author\":{\"name\":\"Tom\",\"@id\":\"https:\\\/\\\/www.neumeyer-abzeichen.de\\\/blog\\\/#\\\/schema\\\/person\\\/eb9c2e569f3a2d01bc40b86b6af1be13\"},\"headline\":\"Die Entstehung der Pfadfinderbewegung\",\"datePublished\":\"2015-09-18T13:35:37+00:00\",\"dateModified\":\"2018-01-09T11:53:15+00:00\",\"mainEntityOfPage\":{\"@id\":\"https:\\\/\\\/www.neumeyer-abzeichen.de\\\/blog\\\/die-entstehung-der-pfadfinderbewegung\\\/\"},\"wordCount\":523,\"commentCount\":0,\"image\":{\"@id\":\"https:\\\/\\\/www.neumeyer-abzeichen.de\\\/blog\\\/die-entstehung-der-pfadfinderbewegung\\\/#primaryimage\"},\"thumbnailUrl\":\"http:\\\/\\\/www.neumeyer-abzeichen.de\\\/blog\\\/wp-content\\\/uploads\\\/2015\\\/09\\\/Entstehung-der-Pfadfinder.jpg\",\"articleSection\":[\"Pfadfinder\"],\"inLanguage\":\"de\",\"potentialAction\":[{\"@type\":\"CommentAction\",\"name\":\"Comment\",\"target\":[\"https:\\\/\\\/www.neumeyer-abzeichen.de\\\/blog\\\/die-entstehung-der-pfadfinderbewegung\\\/#respond\"]}]},{\"@type\":\"WebPage\",\"@id\":\"https:\\\/\\\/www.neumeyer-abzeichen.de\\\/blog\\\/die-entstehung-der-pfadfinderbewegung\\\/\",\"url\":\"https:\\\/\\\/www.neumeyer-abzeichen.de\\\/blog\\\/die-entstehung-der-pfadfinderbewegung\\\/\",\"name\":\"Entstehung der Pfadfinderbewegung & die Idee dahinter\",\"isPartOf\":{\"@id\":\"https:\\\/\\\/www.neumeyer-abzeichen.de\\\/blog\\\/#website\"},\"primaryImageOfPage\":{\"@id\":\"https:\\\/\\\/www.neumeyer-abzeichen.de\\\/blog\\\/die-entstehung-der-pfadfinderbewegung\\\/#primaryimage\"},\"image\":{\"@id\":\"https:\\\/\\\/www.neumeyer-abzeichen.de\\\/blog\\\/die-entstehung-der-pfadfinderbewegung\\\/#primaryimage\"},\"thumbnailUrl\":\"http:\\\/\\\/www.neumeyer-abzeichen.de\\\/blog\\\/wp-content\\\/uploads\\\/2015\\\/09\\\/Entstehung-der-Pfadfinder.jpg\",\"datePublished\":\"2015-09-18T13:35:37+00:00\",\"dateModified\":\"2018-01-09T11:53:15+00:00\",\"author\":{\"@id\":\"https:\\\/\\\/www.neumeyer-abzeichen.de\\\/blog\\\/#\\\/schema\\\/person\\\/eb9c2e569f3a2d01bc40b86b6af1be13\"},\"description\":\"Pfadfinder sind eine weltweite Bewegung, zu der mehr als 38 Millionen Kinder und Jugendliche in zahlreichen Verb\u00e4nden geh\u00f6ren &#9989; Hier mehr dar\u00fcber erfahren!\",\"breadcrumb\":{\"@id\":\"https:\\\/\\\/www.neumeyer-abzeichen.de\\\/blog\\\/die-entstehung-der-pfadfinderbewegung\\\/#breadcrumb\"},\"inLanguage\":\"de\",\"potentialAction\":[{\"@type\":\"ReadAction\",\"target\":[\"https:\\\/\\\/www.neumeyer-abzeichen.de\\\/blog\\\/die-entstehung-der-pfadfinderbewegung\\\/\"]}]},{\"@type\":\"ImageObject\",\"inLanguage\":\"de\",\"@id\":\"https:\\\/\\\/www.neumeyer-abzeichen.de\\\/blog\\\/die-entstehung-der-pfadfinderbewegung\\\/#primaryimage\",\"url\":\"http:\\\/\\\/www.neumeyer-abzeichen.de\\\/blog\\\/wp-content\\\/uploads\\\/2015\\\/09\\\/Entstehung-der-Pfadfinder.jpg\",\"contentUrl\":\"http:\\\/\\\/www.neumeyer-abzeichen.de\\\/blog\\\/wp-content\\\/uploads\\\/2015\\\/09\\\/Entstehung-der-Pfadfinder.jpg\"},{\"@type\":\"BreadcrumbList\",\"@id\":\"https:\\\/\\\/www.neumeyer-abzeichen.de\\\/blog\\\/die-entstehung-der-pfadfinderbewegung\\\/#breadcrumb\",\"itemListElement\":[{\"@type\":\"ListItem\",\"position\":1,\"name\":\"Home\",\"item\":\"https:\\\/\\\/www.neumeyer-abzeichen.de\\\/blog\\\/\"},{\"@type\":\"ListItem\",\"position\":2,\"name\":\"Die Entstehung der Pfadfinderbewegung\"}]},{\"@type\":\"WebSite\",\"@id\":\"https:\\\/\\\/www.neumeyer-abzeichen.de\\\/blog\\\/#website\",\"url\":\"https:\\\/\\\/www.neumeyer-abzeichen.de\\\/blog\\\/\",\"name\":\"Neumeyer-Abzeichen-Blog\",\"description\":\"Der Abzeichen- und Fanartikel-Blog\",\"potentialAction\":[{\"@type\":\"SearchAction\",\"target\":{\"@type\":\"EntryPoint\",\"urlTemplate\":\"https:\\\/\\\/www.neumeyer-abzeichen.de\\\/blog\\\/?s={search_term_string}\"},\"query-input\":{\"@type\":\"PropertyValueSpecification\",\"valueRequired\":true,\"valueName\":\"search_term_string\"}}],\"inLanguage\":\"de\"},{\"@type\":\"Person\",\"@id\":\"https:\\\/\\\/www.neumeyer-abzeichen.de\\\/blog\\\/#\\\/schema\\\/person\\\/eb9c2e569f3a2d01bc40b86b6af1be13\",\"name\":\"Tom\",\"image\":{\"@type\":\"ImageObject\",\"inLanguage\":\"de\",\"@id\":\"https:\\\/\\\/secure.gravatar.com\\\/avatar\\\/87871f34e68fada81c8b2d10de871853f840bd8f0ad7aff2ea65fb4c2a471f27?s=96&d=mm&r=g\",\"url\":\"https:\\\/\\\/secure.gravatar.com\\\/avatar\\\/87871f34e68fada81c8b2d10de871853f840bd8f0ad7aff2ea65fb4c2a471f27?s=96&d=mm&r=g\",\"contentUrl\":\"https:\\\/\\\/secure.gravatar.com\\\/avatar\\\/87871f34e68fada81c8b2d10de871853f840bd8f0ad7aff2ea65fb4c2a471f27?s=96&d=mm&r=g\",\"caption\":\"Tom\"},\"url\":\"https:\\\/\\\/www.neumeyer-abzeichen.de\\\/blog\\\/author\\\/tom\\\/\"}]}<\/script>\n<!-- \/ Yoast SEO Premium plugin. -->","yoast_head_json":{"title":"Entstehung der Pfadfinderbewegung & die Idee dahinter","description":"Pfadfinder sind eine weltweite Bewegung, zu der mehr als 38 Millionen Kinder und Jugendliche in zahlreichen Verb\u00e4nden geh\u00f6ren &#9989; Hier mehr dar\u00fcber erfahren!","robots":{"index":"index","follow":"follow","max-snippet":"max-snippet:-1","max-image-preview":"max-image-preview:large","max-video-preview":"max-video-preview:-1"},"canonical":"https:\/\/www.neumeyer-abzeichen.de\/blog\/die-entstehung-der-pfadfinderbewegung\/","og_locale":"de_DE","og_type":"article","og_title":"Die Entstehung der Pfadfinderbewegung","og_description":"Pfadfinder sind eine weltweite Bewegung, zu der mehr als 38 Millionen Kinder und Jugendliche in zahlreichen Verb\u00e4nden geh\u00f6ren &#9989; Hier mehr dar\u00fcber erfahren!","og_url":"https:\/\/www.neumeyer-abzeichen.de\/blog\/die-entstehung-der-pfadfinderbewegung\/","og_site_name":"Neumeyer-Abzeichen-Blog","article_published_time":"2015-09-18T13:35:37+00:00","article_modified_time":"2018-01-09T11:53:15+00:00","og_image":[{"width":425,"height":312,"url":"https:\/\/www.neumeyer-abzeichen.de\/blog\/wp-content\/uploads\/2015\/09\/Entstehung-der-Pfadfinder.jpg","type":"image\/jpeg"}],"author":"Tom","twitter_misc":{"Verfasst von":"Tom","Gesch\u00e4tzte Lesezeit":"3\u00a0Minuten"},"schema":{"@context":"https:\/\/schema.org","@graph":[{"@type":"Article","@id":"https:\/\/www.neumeyer-abzeichen.de\/blog\/die-entstehung-der-pfadfinderbewegung\/#article","isPartOf":{"@id":"https:\/\/www.neumeyer-abzeichen.de\/blog\/die-entstehung-der-pfadfinderbewegung\/"},"author":{"name":"Tom","@id":"https:\/\/www.neumeyer-abzeichen.de\/blog\/#\/schema\/person\/eb9c2e569f3a2d01bc40b86b6af1be13"},"headline":"Die Entstehung der Pfadfinderbewegung","datePublished":"2015-09-18T13:35:37+00:00","dateModified":"2018-01-09T11:53:15+00:00","mainEntityOfPage":{"@id":"https:\/\/www.neumeyer-abzeichen.de\/blog\/die-entstehung-der-pfadfinderbewegung\/"},"wordCount":523,"commentCount":0,"image":{"@id":"https:\/\/www.neumeyer-abzeichen.de\/blog\/die-entstehung-der-pfadfinderbewegung\/#primaryimage"},"thumbnailUrl":"http:\/\/www.neumeyer-abzeichen.de\/blog\/wp-content\/uploads\/2015\/09\/Entstehung-der-Pfadfinder.jpg","articleSection":["Pfadfinder"],"inLanguage":"de","potentialAction":[{"@type":"CommentAction","name":"Comment","target":["https:\/\/www.neumeyer-abzeichen.de\/blog\/die-entstehung-der-pfadfinderbewegung\/#respond"]}]},{"@type":"WebPage","@id":"https:\/\/www.neumeyer-abzeichen.de\/blog\/die-entstehung-der-pfadfinderbewegung\/","url":"https:\/\/www.neumeyer-abzeichen.de\/blog\/die-entstehung-der-pfadfinderbewegung\/","name":"Entstehung der Pfadfinderbewegung & die Idee dahinter","isPartOf":{"@id":"https:\/\/www.neumeyer-abzeichen.de\/blog\/#website"},"primaryImageOfPage":{"@id":"https:\/\/www.neumeyer-abzeichen.de\/blog\/die-entstehung-der-pfadfinderbewegung\/#primaryimage"},"image":{"@id":"https:\/\/www.neumeyer-abzeichen.de\/blog\/die-entstehung-der-pfadfinderbewegung\/#primaryimage"},"thumbnailUrl":"http:\/\/www.neumeyer-abzeichen.de\/blog\/wp-content\/uploads\/2015\/09\/Entstehung-der-Pfadfinder.jpg","datePublished":"2015-09-18T13:35:37+00:00","dateModified":"2018-01-09T11:53:15+00:00","author":{"@id":"https:\/\/www.neumeyer-abzeichen.de\/blog\/#\/schema\/person\/eb9c2e569f3a2d01bc40b86b6af1be13"},"description":"Pfadfinder sind eine weltweite Bewegung, zu der mehr als 38 Millionen Kinder und Jugendliche in zahlreichen Verb\u00e4nden geh\u00f6ren &#9989; Hier mehr dar\u00fcber erfahren!","breadcrumb":{"@id":"https:\/\/www.neumeyer-abzeichen.de\/blog\/die-entstehung-der-pfadfinderbewegung\/#breadcrumb"},"inLanguage":"de","potentialAction":[{"@type":"ReadAction","target":["https:\/\/www.neumeyer-abzeichen.de\/blog\/die-entstehung-der-pfadfinderbewegung\/"]}]},{"@type":"ImageObject","inLanguage":"de","@id":"https:\/\/www.neumeyer-abzeichen.de\/blog\/die-entstehung-der-pfadfinderbewegung\/#primaryimage","url":"http:\/\/www.neumeyer-abzeichen.de\/blog\/wp-content\/uploads\/2015\/09\/Entstehung-der-Pfadfinder.jpg","contentUrl":"http:\/\/www.neumeyer-abzeichen.de\/blog\/wp-content\/uploads\/2015\/09\/Entstehung-der-Pfadfinder.jpg"},{"@type":"BreadcrumbList","@id":"https:\/\/www.neumeyer-abzeichen.de\/blog\/die-entstehung-der-pfadfinderbewegung\/#breadcrumb","itemListElement":[{"@type":"ListItem","position":1,"name":"Home","item":"https:\/\/www.neumeyer-abzeichen.de\/blog\/"},{"@type":"ListItem","position":2,"name":"Die Entstehung der Pfadfinderbewegung"}]},{"@type":"WebSite","@id":"https:\/\/www.neumeyer-abzeichen.de\/blog\/#website","url":"https:\/\/www.neumeyer-abzeichen.de\/blog\/","name":"Neumeyer-Abzeichen-Blog","description":"Der Abzeichen- und Fanartikel-Blog","potentialAction":[{"@type":"SearchAction","target":{"@type":"EntryPoint","urlTemplate":"https:\/\/www.neumeyer-abzeichen.de\/blog\/?s={search_term_string}"},"query-input":{"@type":"PropertyValueSpecification","valueRequired":true,"valueName":"search_term_string"}}],"inLanguage":"de"},{"@type":"Person","@id":"https:\/\/www.neumeyer-abzeichen.de\/blog\/#\/schema\/person\/eb9c2e569f3a2d01bc40b86b6af1be13","name":"Tom","image":{"@type":"ImageObject","inLanguage":"de","@id":"https:\/\/secure.gravatar.com\/avatar\/87871f34e68fada81c8b2d10de871853f840bd8f0ad7aff2ea65fb4c2a471f27?s=96&d=mm&r=g","url":"https:\/\/secure.gravatar.com\/avatar\/87871f34e68fada81c8b2d10de871853f840bd8f0ad7aff2ea65fb4c2a471f27?s=96&d=mm&r=g","contentUrl":"https:\/\/secure.gravatar.com\/avatar\/87871f34e68fada81c8b2d10de871853f840bd8f0ad7aff2ea65fb4c2a471f27?s=96&d=mm&r=g","caption":"Tom"},"url":"https:\/\/www.neumeyer-abzeichen.de\/blog\/author\/tom\/"}]}},"_links":{"self":[{"href":"https:\/\/www.neumeyer-abzeichen.de\/blog\/wp-json\/wp\/v2\/posts\/790","targetHints":{"allow":["GET"]}}],"collection":[{"href":"https:\/\/www.neumeyer-abzeichen.de\/blog\/wp-json\/wp\/v2\/posts"}],"about":[{"href":"https:\/\/www.neumeyer-abzeichen.de\/blog\/wp-json\/wp\/v2\/types\/post"}],"author":[{"embeddable":true,"href":"https:\/\/www.neumeyer-abzeichen.de\/blog\/wp-json\/wp\/v2\/users\/1"}],"replies":[{"embeddable":true,"href":"https:\/\/www.neumeyer-abzeichen.de\/blog\/wp-json\/wp\/v2\/comments?post=790"}],"version-history":[{"count":5,"href":"https:\/\/www.neumeyer-abzeichen.de\/blog\/wp-json\/wp\/v2\/posts\/790\/revisions"}],"predecessor-version":[{"id":869,"href":"https:\/\/www.neumeyer-abzeichen.de\/blog\/wp-json\/wp\/v2\/posts\/790\/revisions\/869"}],"wp:attachment":[{"href":"https:\/\/www.neumeyer-abzeichen.de\/blog\/wp-json\/wp\/v2\/media?parent=790"}],"wp:term":[{"taxonomy":"category","embeddable":true,"href":"https:\/\/www.neumeyer-abzeichen.de\/blog\/wp-json\/wp\/v2\/categories?post=790"},{"taxonomy":"post_tag","embeddable":true,"href":"https:\/\/www.neumeyer-abzeichen.de\/blog\/wp-json\/wp\/v2\/tags?post=790"}],"curies":[{"name":"wp","href":"https:\/\/api.w.org\/{rel}","templated":true}]}}