{"id":390,"date":"2014-11-24T15:53:14","date_gmt":"2014-11-24T13:53:14","guid":{"rendered":"http:\/\/www.neumeyer-abzeichen.de\/blog\/?p=390"},"modified":"2019-10-08T07:56:48","modified_gmt":"2019-10-08T05:56:48","slug":"individuelle-karnevalsorden-der-stolz-der-karnevalisten","status":"publish","type":"post","link":"https:\/\/www.neumeyer-abzeichen.de\/blog\/individuelle-karnevalsorden-der-stolz-der-karnevalisten\/","title":{"rendered":"Individuelle Karnevalsorden \u2013 der Stolz der Karnevalisten"},"content":{"rendered":"<p>Ausgefallene Kost\u00fcme, ansteckende Heiterkeit und n\u00e4rrisches Treiben &#8230; Karneval ist eine bunte, lebendige Zeit. Auch die Verleihung von Orden ist ein fester Bestandteil der f\u00fcnften Jahreszeit. Die bunten, meist aufwendig gestalteten Karnevalsorden werden mit Stolz getragen. Im Rahmen einer Karnevalssitzung werden die Orden feierlich verliehen.<\/p>\n<p>Seinen Anfang nahm diese Tradition zu Beginn des 19. Jahrhunderts in K\u00f6ln. Milit\u00e4r und Adel sollten damit auf die Schippe genommen werden. Auch wenn die Faschingsorden durchaus eine Ehrung sind und f\u00fcr besondere Verdienste und Leistungen verliehen werden, so sind ihre Motive meist humorvoll und sp\u00f6ttisch. Typische Themen, die sich auf dem Orden wiederfinden, sind Politik, Historisches, Geb\u00e4ude oder auch Personen, vorwiegend aus Politik, Kirche oder auch vom Karneval. Im Rheinland werden Karnevalsorden auch gerne verkauft, um die Session zu finanzieren.<\/p>\n<p><!--more--><\/p>\n<p><img fetchpriority=\"high\" decoding=\"async\" class=\"alignleft wp-image-1666 size-medium\" src=\"https:\/\/www.neumeyer-abzeichen.de\/blog\/wp-content\/uploads\/2014\/11\/karnevalsorden-bild01-1-293x300.jpg\" alt=\"Karnevalsorden\" width=\"293\" height=\"300\" srcset=\"https:\/\/www.neumeyer-abzeichen.de\/blog\/wp-content\/uploads\/2014\/11\/karnevalsorden-bild01-1-293x300.jpg 293w, https:\/\/www.neumeyer-abzeichen.de\/blog\/wp-content\/uploads\/2014\/11\/karnevalsorden-bild01-1.jpg 400w\" sizes=\"(max-width: 293px) 100vw, 293px\" \/><\/p>\n<h2>Ordensklassen<\/h2>\n<p><a title=\"Individuelle Karnevalsorden\" href=\"http:\/\/www.neumeyer-abzeichen.de\/Artikel\/Karnevalsorden\/Karnevalsorden.htm\" target=\"_blank\" rel=\"noopener noreferrer\">Individuelle Karnevalsorden<\/a> werden in verschiedene Ordensklassen unterteilt.<\/p>\n<p><em>Sessionorden<\/em><\/p>\n<p>Sessionorden werden an aktive Mitglieder eines Karnevalsvereins oder lokale Ber\u00fchmtheiten verliehen. Sie werden speziell f\u00fcr das Jahr entworfen, in dem sie auch verliehen werden. Als besonders wertvoll gilt der Sessionsorden der Prinzengarde Blau-Weiss und der Orden des Comitees D\u00fcsseldorfer Carneval sowie der Orden des Oberb\u00fcrgermeisters der Stadt.<\/p>\n<p><em>Verbandsorden<\/em><\/p>\n<p>Auch der Verbandsorden wird jedes Jahr neu kreiert und gl\u00e4nzt jedes Jahr mit einem neuen Motiv. Die Ehre, ihn tragen zu d\u00fcrfen, haben lediglich langj\u00e4hrige aktive Mitglieder des Vereins und des angeschlossenen Karnevalverbandes. Bestimmte ausgew\u00e4hlte Personen bekommen diesen Orden sogar j\u00e4hrlich verliehen.<\/p>\n<p><em>Verdienstorden<\/em><\/p>\n<p><a href=\"https:\/\/www.neumeyer-abzeichen.de\/blog\/wp-content\/uploads\/2014\/11\/karnevlsorden2.jpg\"><img decoding=\"async\" class=\"alignright wp-image-1324 size-medium\" src=\"https:\/\/www.neumeyer-abzeichen.de\/blog\/wp-content\/uploads\/2014\/11\/karnevlsorden2-300x300.jpg\" alt=\"Karnevalsorden\" width=\"300\" height=\"300\" srcset=\"https:\/\/www.neumeyer-abzeichen.de\/blog\/wp-content\/uploads\/2014\/11\/karnevlsorden2-300x300.jpg 300w, https:\/\/www.neumeyer-abzeichen.de\/blog\/wp-content\/uploads\/2014\/11\/karnevlsorden2-150x150.jpg 150w, https:\/\/www.neumeyer-abzeichen.de\/blog\/wp-content\/uploads\/2014\/11\/karnevlsorden2.jpg 500w\" sizes=\"(max-width: 300px) 100vw, 300px\" \/><\/a><\/p>\n<p>Hoch angesehen sind die Orden dieser Ordensklasse. Sie werden an jene verliehen, die sich im besonderen Ma\u00dfe f\u00fcr den Karneval einsetzen oder an Mitglieder, die sich durch ihre T\u00e4tigkeit hervorgehoben haben. Zu den bekanntesten Verdienstorden z\u00e4hlt der Till von Franken Faschingsorden. Er ist der h\u00f6chste Karnevalsorden, welcher von dem Fastnachtverband Franken verliehen wird.<\/p>\n<p><em>Spezielle Orden<br \/>\n<\/em><br \/>\nDie Verleihung dieses Ordens geht mit besonders viel Pomp einher. Kein Wunder. Nur eine ausgew\u00e4hlte Pers\u00f6nlichkeit, die den Voraussetzungen des speziellen Ordens am meisten entspricht, erh\u00e4lt diese Auszeichnung. Bekannte Orden, die zu dieser Klasse geh\u00f6ren, sind der Faustorden und der Orden wider den tierischen Ernst.<\/p>\n","protected":false},"excerpt":{"rendered":"<p>Ausgefallene Kost\u00fcme, ansteckende Heiterkeit und n\u00e4rrisches Treiben &#8230; Karneval ist eine bunte, lebendige Zeit. Auch die Verleihung von Orden ist ein fester Bestandteil der f\u00fcnften Jahreszeit. Die bunten, meist aufwendig gestalteten Karnevalsorden werden mit Stolz getragen. Im Rahmen einer Karnevalssitzung werden die Orden feierlich verliehen. Seinen Anfang nahm diese Tradition zu Beginn des 19. Jahrhunderts [&hellip;]<\/p>\n","protected":false},"author":1,"featured_media":0,"comment_status":"open","ping_status":"open","sticky":false,"template":"","format":"standard","meta":{"footnotes":""},"categories":[33,49],"tags":[133,54],"class_list":["post-390","post","type-post","status-publish","format-standard","hentry","category-ansteckerpins","category-karneval","tag-karneval","tag-karnevalsorden"],"yoast_head":"<!-- This site is optimized with the Yoast SEO Premium plugin v26.0 (Yoast SEO v27.5) - https:\/\/yoast.com\/product\/yoast-seo-premium-wordpress\/ -->\n<title>Individuelle Karnevalsorden f\u00fcr jede Ordensklasse<\/title>\n<meta name=\"description\" content=\"Ausgefallene Kost\u00fcme, ansteckende Heiterkeit und n\u00e4rrisches Treiben - Karneval ist eine lebendige Zeit. Dazu geh\u00f6rt auch die Verleihung der Orden \u2705 Lesen!\" \/>\n<meta name=\"robots\" content=\"index, follow, max-snippet:-1, max-image-preview:large, max-video-preview:-1\" \/>\n<link rel=\"canonical\" href=\"https:\/\/www.neumeyer-abzeichen.de\/blog\/individuelle-karnevalsorden-der-stolz-der-karnevalisten\/\" \/>\n<meta property=\"og:locale\" content=\"de_DE\" \/>\n<meta property=\"og:type\" content=\"article\" \/>\n<meta property=\"og:title\" content=\"Individuelle Karnevalsorden \u2013 der Stolz der Karnevalisten\" \/>\n<meta property=\"og:description\" content=\"Ausgefallene Kost\u00fcme, ansteckende Heiterkeit und n\u00e4rrisches Treiben - Karneval ist eine lebendige Zeit. Dazu geh\u00f6rt auch die Verleihung der Orden \u2705 Lesen!\" \/>\n<meta property=\"og:url\" content=\"https:\/\/www.neumeyer-abzeichen.de\/blog\/individuelle-karnevalsorden-der-stolz-der-karnevalisten\/\" \/>\n<meta property=\"og:site_name\" content=\"Neumeyer-Abzeichen-Blog\" \/>\n<meta property=\"article:published_time\" content=\"2014-11-24T13:53:14+00:00\" \/>\n<meta property=\"article:modified_time\" content=\"2019-10-08T05:56:48+00:00\" \/>\n<meta property=\"og:image\" content=\"https:\/\/www.neumeyer-abzeichen.de\/blog\/wp-content\/uploads\/2014\/11\/karnevalsorden-bild01-1-293x300.jpg\" \/>\n<meta name=\"author\" content=\"Tom\" \/>\n<meta name=\"twitter:label1\" content=\"Verfasst von\" \/>\n\t<meta name=\"twitter:data1\" content=\"Tom\" \/>\n\t<meta name=\"twitter:label2\" content=\"Gesch\u00e4tzte Lesezeit\" \/>\n\t<meta name=\"twitter:data2\" content=\"2\u00a0Minuten\" \/>\n<script type=\"application\/ld+json\" class=\"yoast-schema-graph\">{\"@context\":\"https:\\\/\\\/schema.org\",\"@graph\":[{\"@type\":\"Article\",\"@id\":\"https:\\\/\\\/www.neumeyer-abzeichen.de\\\/blog\\\/individuelle-karnevalsorden-der-stolz-der-karnevalisten\\\/#article\",\"isPartOf\":{\"@id\":\"https:\\\/\\\/www.neumeyer-abzeichen.de\\\/blog\\\/individuelle-karnevalsorden-der-stolz-der-karnevalisten\\\/\"},\"author\":{\"name\":\"Tom\",\"@id\":\"https:\\\/\\\/www.neumeyer-abzeichen.de\\\/blog\\\/#\\\/schema\\\/person\\\/eb9c2e569f3a2d01bc40b86b6af1be13\"},\"headline\":\"Individuelle Karnevalsorden \u2013 der Stolz der Karnevalisten\",\"datePublished\":\"2014-11-24T13:53:14+00:00\",\"dateModified\":\"2019-10-08T05:56:48+00:00\",\"mainEntityOfPage\":{\"@id\":\"https:\\\/\\\/www.neumeyer-abzeichen.de\\\/blog\\\/individuelle-karnevalsorden-der-stolz-der-karnevalisten\\\/\"},\"wordCount\":356,\"commentCount\":0,\"image\":{\"@id\":\"https:\\\/\\\/www.neumeyer-abzeichen.de\\\/blog\\\/individuelle-karnevalsorden-der-stolz-der-karnevalisten\\\/#primaryimage\"},\"thumbnailUrl\":\"https:\\\/\\\/www.neumeyer-abzeichen.de\\\/blog\\\/wp-content\\\/uploads\\\/2014\\\/11\\\/karnevalsorden-bild01-1-293x300.jpg\",\"keywords\":[\"Karneval\",\"Karnevalsorden\"],\"articleSection\":[\"Anstecker\\\/Pins\",\"Karneval\"],\"inLanguage\":\"de\",\"potentialAction\":[{\"@type\":\"CommentAction\",\"name\":\"Comment\",\"target\":[\"https:\\\/\\\/www.neumeyer-abzeichen.de\\\/blog\\\/individuelle-karnevalsorden-der-stolz-der-karnevalisten\\\/#respond\"]}]},{\"@type\":\"WebPage\",\"@id\":\"https:\\\/\\\/www.neumeyer-abzeichen.de\\\/blog\\\/individuelle-karnevalsorden-der-stolz-der-karnevalisten\\\/\",\"url\":\"https:\\\/\\\/www.neumeyer-abzeichen.de\\\/blog\\\/individuelle-karnevalsorden-der-stolz-der-karnevalisten\\\/\",\"name\":\"Individuelle Karnevalsorden f\u00fcr jede Ordensklasse\",\"isPartOf\":{\"@id\":\"https:\\\/\\\/www.neumeyer-abzeichen.de\\\/blog\\\/#website\"},\"primaryImageOfPage\":{\"@id\":\"https:\\\/\\\/www.neumeyer-abzeichen.de\\\/blog\\\/individuelle-karnevalsorden-der-stolz-der-karnevalisten\\\/#primaryimage\"},\"image\":{\"@id\":\"https:\\\/\\\/www.neumeyer-abzeichen.de\\\/blog\\\/individuelle-karnevalsorden-der-stolz-der-karnevalisten\\\/#primaryimage\"},\"thumbnailUrl\":\"https:\\\/\\\/www.neumeyer-abzeichen.de\\\/blog\\\/wp-content\\\/uploads\\\/2014\\\/11\\\/karnevalsorden-bild01-1-293x300.jpg\",\"datePublished\":\"2014-11-24T13:53:14+00:00\",\"dateModified\":\"2019-10-08T05:56:48+00:00\",\"author\":{\"@id\":\"https:\\\/\\\/www.neumeyer-abzeichen.de\\\/blog\\\/#\\\/schema\\\/person\\\/eb9c2e569f3a2d01bc40b86b6af1be13\"},\"description\":\"Ausgefallene Kost\u00fcme, ansteckende Heiterkeit und n\u00e4rrisches Treiben - Karneval ist eine lebendige Zeit. Dazu geh\u00f6rt auch die Verleihung der Orden \u2705 Lesen!\",\"breadcrumb\":{\"@id\":\"https:\\\/\\\/www.neumeyer-abzeichen.de\\\/blog\\\/individuelle-karnevalsorden-der-stolz-der-karnevalisten\\\/#breadcrumb\"},\"inLanguage\":\"de\",\"potentialAction\":[{\"@type\":\"ReadAction\",\"target\":[\"https:\\\/\\\/www.neumeyer-abzeichen.de\\\/blog\\\/individuelle-karnevalsorden-der-stolz-der-karnevalisten\\\/\"]}]},{\"@type\":\"ImageObject\",\"inLanguage\":\"de\",\"@id\":\"https:\\\/\\\/www.neumeyer-abzeichen.de\\\/blog\\\/individuelle-karnevalsorden-der-stolz-der-karnevalisten\\\/#primaryimage\",\"url\":\"https:\\\/\\\/www.neumeyer-abzeichen.de\\\/blog\\\/wp-content\\\/uploads\\\/2014\\\/11\\\/karnevalsorden-bild01-1.jpg\",\"contentUrl\":\"https:\\\/\\\/www.neumeyer-abzeichen.de\\\/blog\\\/wp-content\\\/uploads\\\/2014\\\/11\\\/karnevalsorden-bild01-1.jpg\",\"width\":400,\"height\":410,\"caption\":\"Karnevalsorden\"},{\"@type\":\"BreadcrumbList\",\"@id\":\"https:\\\/\\\/www.neumeyer-abzeichen.de\\\/blog\\\/individuelle-karnevalsorden-der-stolz-der-karnevalisten\\\/#breadcrumb\",\"itemListElement\":[{\"@type\":\"ListItem\",\"position\":1,\"name\":\"Home\",\"item\":\"https:\\\/\\\/www.neumeyer-abzeichen.de\\\/blog\\\/\"},{\"@type\":\"ListItem\",\"position\":2,\"name\":\"Individuelle Karnevalsorden \u2013 der Stolz der Karnevalisten\"}]},{\"@type\":\"WebSite\",\"@id\":\"https:\\\/\\\/www.neumeyer-abzeichen.de\\\/blog\\\/#website\",\"url\":\"https:\\\/\\\/www.neumeyer-abzeichen.de\\\/blog\\\/\",\"name\":\"Neumeyer-Abzeichen-Blog\",\"description\":\"Der Abzeichen- und Fanartikel-Blog\",\"potentialAction\":[{\"@type\":\"SearchAction\",\"target\":{\"@type\":\"EntryPoint\",\"urlTemplate\":\"https:\\\/\\\/www.neumeyer-abzeichen.de\\\/blog\\\/?s={search_term_string}\"},\"query-input\":{\"@type\":\"PropertyValueSpecification\",\"valueRequired\":true,\"valueName\":\"search_term_string\"}}],\"inLanguage\":\"de\"},{\"@type\":\"Person\",\"@id\":\"https:\\\/\\\/www.neumeyer-abzeichen.de\\\/blog\\\/#\\\/schema\\\/person\\\/eb9c2e569f3a2d01bc40b86b6af1be13\",\"name\":\"Tom\",\"image\":{\"@type\":\"ImageObject\",\"inLanguage\":\"de\",\"@id\":\"https:\\\/\\\/secure.gravatar.com\\\/avatar\\\/87871f34e68fada81c8b2d10de871853f840bd8f0ad7aff2ea65fb4c2a471f27?s=96&d=mm&r=g\",\"url\":\"https:\\\/\\\/secure.gravatar.com\\\/avatar\\\/87871f34e68fada81c8b2d10de871853f840bd8f0ad7aff2ea65fb4c2a471f27?s=96&d=mm&r=g\",\"contentUrl\":\"https:\\\/\\\/secure.gravatar.com\\\/avatar\\\/87871f34e68fada81c8b2d10de871853f840bd8f0ad7aff2ea65fb4c2a471f27?s=96&d=mm&r=g\",\"caption\":\"Tom\"},\"url\":\"https:\\\/\\\/www.neumeyer-abzeichen.de\\\/blog\\\/author\\\/tom\\\/\"}]}<\/script>\n<!-- \/ Yoast SEO Premium plugin. -->","yoast_head_json":{"title":"Individuelle Karnevalsorden f\u00fcr jede Ordensklasse","description":"Ausgefallene Kost\u00fcme, ansteckende Heiterkeit und n\u00e4rrisches Treiben - Karneval ist eine lebendige Zeit. Dazu geh\u00f6rt auch die Verleihung der Orden \u2705 Lesen!","robots":{"index":"index","follow":"follow","max-snippet":"max-snippet:-1","max-image-preview":"max-image-preview:large","max-video-preview":"max-video-preview:-1"},"canonical":"https:\/\/www.neumeyer-abzeichen.de\/blog\/individuelle-karnevalsorden-der-stolz-der-karnevalisten\/","og_locale":"de_DE","og_type":"article","og_title":"Individuelle Karnevalsorden \u2013 der Stolz der Karnevalisten","og_description":"Ausgefallene Kost\u00fcme, ansteckende Heiterkeit und n\u00e4rrisches Treiben - Karneval ist eine lebendige Zeit. Dazu geh\u00f6rt auch die Verleihung der Orden \u2705 Lesen!","og_url":"https:\/\/www.neumeyer-abzeichen.de\/blog\/individuelle-karnevalsorden-der-stolz-der-karnevalisten\/","og_site_name":"Neumeyer-Abzeichen-Blog","article_published_time":"2014-11-24T13:53:14+00:00","article_modified_time":"2019-10-08T05:56:48+00:00","og_image":[{"url":"https:\/\/www.neumeyer-abzeichen.de\/blog\/wp-content\/uploads\/2014\/11\/karnevalsorden-bild01-1-293x300.jpg","type":"","width":"","height":""}],"author":"Tom","twitter_misc":{"Verfasst von":"Tom","Gesch\u00e4tzte Lesezeit":"2\u00a0Minuten"},"schema":{"@context":"https:\/\/schema.org","@graph":[{"@type":"Article","@id":"https:\/\/www.neumeyer-abzeichen.de\/blog\/individuelle-karnevalsorden-der-stolz-der-karnevalisten\/#article","isPartOf":{"@id":"https:\/\/www.neumeyer-abzeichen.de\/blog\/individuelle-karnevalsorden-der-stolz-der-karnevalisten\/"},"author":{"name":"Tom","@id":"https:\/\/www.neumeyer-abzeichen.de\/blog\/#\/schema\/person\/eb9c2e569f3a2d01bc40b86b6af1be13"},"headline":"Individuelle Karnevalsorden \u2013 der Stolz der Karnevalisten","datePublished":"2014-11-24T13:53:14+00:00","dateModified":"2019-10-08T05:56:48+00:00","mainEntityOfPage":{"@id":"https:\/\/www.neumeyer-abzeichen.de\/blog\/individuelle-karnevalsorden-der-stolz-der-karnevalisten\/"},"wordCount":356,"commentCount":0,"image":{"@id":"https:\/\/www.neumeyer-abzeichen.de\/blog\/individuelle-karnevalsorden-der-stolz-der-karnevalisten\/#primaryimage"},"thumbnailUrl":"https:\/\/www.neumeyer-abzeichen.de\/blog\/wp-content\/uploads\/2014\/11\/karnevalsorden-bild01-1-293x300.jpg","keywords":["Karneval","Karnevalsorden"],"articleSection":["Anstecker\/Pins","Karneval"],"inLanguage":"de","potentialAction":[{"@type":"CommentAction","name":"Comment","target":["https:\/\/www.neumeyer-abzeichen.de\/blog\/individuelle-karnevalsorden-der-stolz-der-karnevalisten\/#respond"]}]},{"@type":"WebPage","@id":"https:\/\/www.neumeyer-abzeichen.de\/blog\/individuelle-karnevalsorden-der-stolz-der-karnevalisten\/","url":"https:\/\/www.neumeyer-abzeichen.de\/blog\/individuelle-karnevalsorden-der-stolz-der-karnevalisten\/","name":"Individuelle Karnevalsorden f\u00fcr jede Ordensklasse","isPartOf":{"@id":"https:\/\/www.neumeyer-abzeichen.de\/blog\/#website"},"primaryImageOfPage":{"@id":"https:\/\/www.neumeyer-abzeichen.de\/blog\/individuelle-karnevalsorden-der-stolz-der-karnevalisten\/#primaryimage"},"image":{"@id":"https:\/\/www.neumeyer-abzeichen.de\/blog\/individuelle-karnevalsorden-der-stolz-der-karnevalisten\/#primaryimage"},"thumbnailUrl":"https:\/\/www.neumeyer-abzeichen.de\/blog\/wp-content\/uploads\/2014\/11\/karnevalsorden-bild01-1-293x300.jpg","datePublished":"2014-11-24T13:53:14+00:00","dateModified":"2019-10-08T05:56:48+00:00","author":{"@id":"https:\/\/www.neumeyer-abzeichen.de\/blog\/#\/schema\/person\/eb9c2e569f3a2d01bc40b86b6af1be13"},"description":"Ausgefallene Kost\u00fcme, ansteckende Heiterkeit und n\u00e4rrisches Treiben - Karneval ist eine lebendige Zeit. Dazu geh\u00f6rt auch die Verleihung der Orden \u2705 Lesen!","breadcrumb":{"@id":"https:\/\/www.neumeyer-abzeichen.de\/blog\/individuelle-karnevalsorden-der-stolz-der-karnevalisten\/#breadcrumb"},"inLanguage":"de","potentialAction":[{"@type":"ReadAction","target":["https:\/\/www.neumeyer-abzeichen.de\/blog\/individuelle-karnevalsorden-der-stolz-der-karnevalisten\/"]}]},{"@type":"ImageObject","inLanguage":"de","@id":"https:\/\/www.neumeyer-abzeichen.de\/blog\/individuelle-karnevalsorden-der-stolz-der-karnevalisten\/#primaryimage","url":"https:\/\/www.neumeyer-abzeichen.de\/blog\/wp-content\/uploads\/2014\/11\/karnevalsorden-bild01-1.jpg","contentUrl":"https:\/\/www.neumeyer-abzeichen.de\/blog\/wp-content\/uploads\/2014\/11\/karnevalsorden-bild01-1.jpg","width":400,"height":410,"caption":"Karnevalsorden"},{"@type":"BreadcrumbList","@id":"https:\/\/www.neumeyer-abzeichen.de\/blog\/individuelle-karnevalsorden-der-stolz-der-karnevalisten\/#breadcrumb","itemListElement":[{"@type":"ListItem","position":1,"name":"Home","item":"https:\/\/www.neumeyer-abzeichen.de\/blog\/"},{"@type":"ListItem","position":2,"name":"Individuelle Karnevalsorden \u2013 der Stolz der Karnevalisten"}]},{"@type":"WebSite","@id":"https:\/\/www.neumeyer-abzeichen.de\/blog\/#website","url":"https:\/\/www.neumeyer-abzeichen.de\/blog\/","name":"Neumeyer-Abzeichen-Blog","description":"Der Abzeichen- und Fanartikel-Blog","potentialAction":[{"@type":"SearchAction","target":{"@type":"EntryPoint","urlTemplate":"https:\/\/www.neumeyer-abzeichen.de\/blog\/?s={search_term_string}"},"query-input":{"@type":"PropertyValueSpecification","valueRequired":true,"valueName":"search_term_string"}}],"inLanguage":"de"},{"@type":"Person","@id":"https:\/\/www.neumeyer-abzeichen.de\/blog\/#\/schema\/person\/eb9c2e569f3a2d01bc40b86b6af1be13","name":"Tom","image":{"@type":"ImageObject","inLanguage":"de","@id":"https:\/\/secure.gravatar.com\/avatar\/87871f34e68fada81c8b2d10de871853f840bd8f0ad7aff2ea65fb4c2a471f27?s=96&d=mm&r=g","url":"https:\/\/secure.gravatar.com\/avatar\/87871f34e68fada81c8b2d10de871853f840bd8f0ad7aff2ea65fb4c2a471f27?s=96&d=mm&r=g","contentUrl":"https:\/\/secure.gravatar.com\/avatar\/87871f34e68fada81c8b2d10de871853f840bd8f0ad7aff2ea65fb4c2a471f27?s=96&d=mm&r=g","caption":"Tom"},"url":"https:\/\/www.neumeyer-abzeichen.de\/blog\/author\/tom\/"}]}},"_links":{"self":[{"href":"https:\/\/www.neumeyer-abzeichen.de\/blog\/wp-json\/wp\/v2\/posts\/390","targetHints":{"allow":["GET"]}}],"collection":[{"href":"https:\/\/www.neumeyer-abzeichen.de\/blog\/wp-json\/wp\/v2\/posts"}],"about":[{"href":"https:\/\/www.neumeyer-abzeichen.de\/blog\/wp-json\/wp\/v2\/types\/post"}],"author":[{"embeddable":true,"href":"https:\/\/www.neumeyer-abzeichen.de\/blog\/wp-json\/wp\/v2\/users\/1"}],"replies":[{"embeddable":true,"href":"https:\/\/www.neumeyer-abzeichen.de\/blog\/wp-json\/wp\/v2\/comments?post=390"}],"version-history":[{"count":5,"href":"https:\/\/www.neumeyer-abzeichen.de\/blog\/wp-json\/wp\/v2\/posts\/390\/revisions"}],"predecessor-version":[{"id":1667,"href":"https:\/\/www.neumeyer-abzeichen.de\/blog\/wp-json\/wp\/v2\/posts\/390\/revisions\/1667"}],"wp:attachment":[{"href":"https:\/\/www.neumeyer-abzeichen.de\/blog\/wp-json\/wp\/v2\/media?parent=390"}],"wp:term":[{"taxonomy":"category","embeddable":true,"href":"https:\/\/www.neumeyer-abzeichen.de\/blog\/wp-json\/wp\/v2\/categories?post=390"},{"taxonomy":"post_tag","embeddable":true,"href":"https:\/\/www.neumeyer-abzeichen.de\/blog\/wp-json\/wp\/v2\/tags?post=390"}],"curies":[{"name":"wp","href":"https:\/\/api.w.org\/{rel}","templated":true}]}}