{"id":340,"date":"2014-10-14T15:34:09","date_gmt":"2014-10-14T13:34:09","guid":{"rendered":"http:\/\/www.neumeyer-abzeichen.de\/blog\/?p=340"},"modified":"2018-01-09T14:56:08","modified_gmt":"2018-01-09T12:56:08","slug":"jeckische-schlachtrufe-die-vielfalt-der-deutschen-karnevalsgruesse","status":"publish","type":"post","link":"https:\/\/www.neumeyer-abzeichen.de\/blog\/jeckische-schlachtrufe-die-vielfalt-der-deutschen-karnevalsgruesse\/","title":{"rendered":"Jeckische Schlachtrufe \u2013 Die Vielfalt der deutschen Karnevalsgr\u00fc\u00dfe"},"content":{"rendered":"<p>Bis zum Beginn der 5. Jahreszeit sind es zwar noch rund 6 Wochen, in den Karnevalsvereinen laufen die Vorbereitungen aber schon auf Hochtouren. H\u00f6chste Zeit f\u00fcr uns, sich einmal n\u00e4her mit einigen Karnevalstraditionen zu besch\u00e4ftigen. Der folgende Beitrag widmet sich daher den Karnevalsausrufen. Gehen Sie mit uns auf Spurensuche zu den Urspr\u00fcngen und Bedeutungen von Helau, Alaaf und Co.<\/p>\n<p><!--more--><\/p>\n<figure id=\"attachment_342\" aria-describedby=\"caption-attachment-342\" style=\"width: 150px\" class=\"wp-caption alignleft\"><a href=\"http:\/\/www.neumeyer-abzeichen.de\/blog\/wp-content\/uploads\/2014\/10\/Fotolia_36309885_XS_copyright.jpg\"><img decoding=\"async\" class=\"size-thumbnail wp-image-342\" src=\"http:\/\/www.neumeyer-abzeichen.de\/blog\/wp-content\/uploads\/2014\/10\/Fotolia_36309885_XS_copyright-150x150.jpg\" alt=\"Hellau Alaaf Narrenkappe\" width=\"150\" height=\"150\" \/><\/a><figcaption id=\"caption-attachment-342\" class=\"wp-caption-text\">Hellau Alaaf Narrenkappe<\/figcaption><\/figure>\n<h2>N\u00e4rrische Begr\u00fc\u00dfung und B\u00fcttenreden-Abschluss<\/h2>\n<p>Die Karnevalsausrufe, auch unter der Bezeichnung Narrenrufe, Karnevalsgr\u00fc\u00dfe oder n\u00e4rrische Schlachtrufe bekannt, erfolgen einerseits am Ende einer B\u00fcttenrede, andererseits ist es eine Begr\u00fc\u00dfung zwischen den N\u00e4rrinnen und Narren. Am bekanntesten sind sicherlich die Ausrufe \u201eHelau\u201c und \u201eAlaaf\u201c, was vor allem daran liegt, dass sie \u00fcberregional am h\u00e4ufigsten verwendet werden. Und doch gibt es schon innerhalb der Faschingsregion schlechthin \u2013 dem Rheinland \u2013 Unterschiede. So beschr\u00e4nken sich z.B. die K\u00f6lner auf das Alaaf, w\u00e4hrend in D\u00fcsseldorf oder Mainz Helau an der Tagesordnung steht.<\/p>\n<p>Nat\u00fcrlich gibt es auch noch zahlreiche weitere Ausrufe. Um die regionale Karnevalsruf-Vielfalt zu verdeutlichen, geben wir Ihnen im Folgenden einige Beispiele:<\/p>\n<p><strong>Ho Narro<\/strong> &#8211; Der f\u00fcr Konstanz typische Ruf ert\u00f6nt vor allem beim sogenannten Hemdglonker, einem Umzug, der h\u00e4ufig am sp\u00e4ten Abend oder fr\u00fchen Morgen stattfindet und bei dem die Teilnehmer in Nachthemden bekleidet und mit Trommeln, Schellen und \u00e4hnlichen Gegenst\u00e4nden l\u00e4rmend durch die Stadt ziehen.<\/p>\n<p><strong>Halex<\/strong> Der Ruf \u201eHalex\u201c geht auf die sp\u00f6ttische Bezeichnung \u201eahl Hex\u201c (alte Hexe) zur\u00fcck. Er ist der traditionelle Karnevalsruf der Bischofsheimer.<\/p>\n<p><strong>Rabu<\/strong> \u201eRabu\u201c steht f\u00fcr die s\u00e4chsische Stadt Radeburg in der N\u00e4he von Dresden. Es handelt sich hier eigentlich um einen zweigeteilten Ruf: Die Umzugsteilnehmer bzw. der B\u00fcttenredner rufen \u201eRa\u201c und die Zuschauer antworten mit \u201eBu\u201c.<\/p>\n<p><strong>Alleh Hopp<\/strong> Ist vor allem im Saarland verbreitet und geht auf das franz\u00f6sische \u201eallez hop!\u201c zur\u00fcck, was \u00fcbersetzt so viel wie \u201elos geht\u2019s\u201c bedeutet.<\/p>\n<p><strong>Hei-Jo Hei-Jo<\/strong> ist der typische Ausruf der Berliner <a title=\"Karnevalisten\" href=\"http:\/\/www.neumeyer-abzeichen.de\/Artikel\/Karnevalsorden\/Karnevalsorden.htm\" target=\"_blank\">Karnevalisten<\/a>. Er setzt sich aus den Begriffen Heiterkeit und Jokus zusammen.<\/p>\n<p><strong>Ahoi<\/strong> Dieser Ruf ist vor allem im Norddeutschland verbreitet und geht auf die Schifffahrt zur\u00fcck. Hier gr\u00fc\u00dft sozusagen die Besatzung des Narrenschiffs.<\/p>\n<p><strong>Herkunft ungewiss<\/strong><\/p>\n<p>Die Urspr\u00fcnge der beiden ber\u00fchmtesten Ausrufe <strong>Helau<\/strong> und <strong>Alaaf<\/strong> sind nicht genau gekl\u00e4rt. Einige Forscher f\u00fchren das Helau auf die Begr\u00fc\u00dfungen \u201eHallo\u201c oder \u201eHe, du da\u201c zur\u00fcck. Andere wiederum sagen, dass der Ruf eher das \u201eHalleluja\u201c der L\u00e4cherlichkeit preisgeben sollte. Daf\u00fcr w\u00fcrde zumindest die noch heute bekannte Rufvariante \u201eAjuja\u201c sprechen. Zudem entstanden die Faschingsveranstaltungen urspr\u00fcnglich, um die Obrigkeit zu verh\u00f6hnen.<\/p>\n<p>F\u00fcr den Ausspruch \u201eAlaaf\u201c gibt es drei Ursprungsvarianten: ein mittelalterlicher Trinkspruch, die altdeutsche Form des Wortes \u201eMaske\u201c oder der Begriff \u201eall af\u201c &#8211; altk\u00f6lnisch f\u00fcr \u201ealles weg\u201c.<\/p>\n<h2>Abgrenzung von anderen Karnevalsregionen<\/h2>\n<p>Die vielen unterschiedlichen Karnevalsausrufe \u2013 insgesamt existieren in Deutschland fast 500 \u2013 entstanden vor allem dadurch, um sich zur n\u00e4chsten Stadt, zur Gemeinde oder Region abzugrenzen. Doch auch historisch lassen sich viele Ausrufe erkl\u00e4ren, wie oben in den Beispielen zu sehen ist.<\/p>\n<p>Die Ausrufe sind nicht selten ein Grund f\u00fcr Auseinandersetzung. Sie sollten es z.B. auf jeden Fall vermeiden, in K\u00f6ln Helau oder in D\u00fcsseldorf Alaaf zu rufen. Beide St\u00e4dte verbindet n\u00e4mlich eine Rivalit\u00e4t, deren Urspr\u00fcnge im 11. Jahrhundert liegen. Damals war K\u00f6ln bereits eine bedeutende Handelsstadt und dem eher provinziellen D\u00fcsseldorf weit voraus. Letzteres holte allerdings in der Industrialisierung deutlich auf und zog an der Domstadt vorbei. Diese Konkurrenz ist bis heute geblieben und hat schon so einigen unwissenden Touristen mit dem \u201efalschen\u201c Karnevalsruf auf den Lippen einen missmutigen Blick der jeweiligen Einwohner beschert.<\/p>\n","protected":false},"excerpt":{"rendered":"<p>Bis zum Beginn der 5. Jahreszeit sind es zwar noch rund 6 Wochen, in den Karnevalsvereinen laufen die Vorbereitungen aber schon auf Hochtouren. H\u00f6chste Zeit f\u00fcr uns, sich einmal n\u00e4her mit einigen Karnevalstraditionen zu besch\u00e4ftigen. Der folgende Beitrag widmet sich daher den Karnevalsausrufen. Gehen Sie mit uns auf Spurensuche zu den Urspr\u00fcngen und Bedeutungen von [&hellip;]<\/p>\n","protected":false},"author":1,"featured_media":0,"comment_status":"open","ping_status":"open","sticky":false,"template":"","format":"standard","meta":{"footnotes":""},"categories":[1,49],"tags":[133],"class_list":["post-340","post","type-post","status-publish","format-standard","hentry","category-allgemein","category-karneval","tag-karneval"],"yoast_head":"<!-- This site is optimized with the Yoast SEO Premium plugin v26.0 (Yoast SEO v27.5) - https:\/\/yoast.com\/product\/yoast-seo-premium-wordpress\/ -->\n<title>Jeckische Schlachtrufe - die deutschen Karnevalsgr\u00fc\u00dfe<\/title>\n<meta name=\"description\" content=\"Die Karnevalsausrufe &#9989; erfolgen einerseits am Ende einer B\u00fcttenrede, andererseits ist es eine Begr\u00fc\u00dfung zwischen den N\u00e4rrinnen und Narren &#9989; Mehr erfahren!\" \/>\n<meta name=\"robots\" content=\"index, follow, max-snippet:-1, max-image-preview:large, max-video-preview:-1\" \/>\n<link rel=\"canonical\" href=\"https:\/\/www.neumeyer-abzeichen.de\/blog\/jeckische-schlachtrufe-die-vielfalt-der-deutschen-karnevalsgruesse\/\" \/>\n<meta property=\"og:locale\" content=\"de_DE\" \/>\n<meta property=\"og:type\" content=\"article\" \/>\n<meta property=\"og:title\" content=\"Jeckische Schlachtrufe \u2013 Die Vielfalt der deutschen Karnevalsgr\u00fc\u00dfe\" \/>\n<meta property=\"og:description\" content=\"Die Karnevalsausrufe &#9989; erfolgen einerseits am Ende einer B\u00fcttenrede, andererseits ist es eine Begr\u00fc\u00dfung zwischen den N\u00e4rrinnen und Narren &#9989; Mehr erfahren!\" \/>\n<meta property=\"og:url\" content=\"https:\/\/www.neumeyer-abzeichen.de\/blog\/jeckische-schlachtrufe-die-vielfalt-der-deutschen-karnevalsgruesse\/\" \/>\n<meta property=\"og:site_name\" content=\"Neumeyer-Abzeichen-Blog\" \/>\n<meta property=\"article:published_time\" content=\"2014-10-14T13:34:09+00:00\" \/>\n<meta property=\"article:modified_time\" content=\"2018-01-09T12:56:08+00:00\" \/>\n<meta property=\"og:image\" content=\"https:\/\/www.neumeyer-abzeichen.de\/blog\/wp-content\/uploads\/2014\/10\/Fotolia_36309885_XS_copyright.jpg\" \/>\n\t<meta property=\"og:image:width\" content=\"412\" \/>\n\t<meta property=\"og:image:height\" content=\"321\" \/>\n\t<meta property=\"og:image:type\" content=\"image\/jpeg\" \/>\n<meta name=\"author\" content=\"Tom\" \/>\n<meta name=\"twitter:label1\" content=\"Verfasst von\" \/>\n\t<meta name=\"twitter:data1\" content=\"Tom\" \/>\n\t<meta name=\"twitter:label2\" content=\"Gesch\u00e4tzte Lesezeit\" \/>\n\t<meta name=\"twitter:data2\" content=\"3\u00a0Minuten\" \/>\n<script type=\"application\/ld+json\" class=\"yoast-schema-graph\">{\"@context\":\"https:\\\/\\\/schema.org\",\"@graph\":[{\"@type\":\"Article\",\"@id\":\"https:\\\/\\\/www.neumeyer-abzeichen.de\\\/blog\\\/jeckische-schlachtrufe-die-vielfalt-der-deutschen-karnevalsgruesse\\\/#article\",\"isPartOf\":{\"@id\":\"https:\\\/\\\/www.neumeyer-abzeichen.de\\\/blog\\\/jeckische-schlachtrufe-die-vielfalt-der-deutschen-karnevalsgruesse\\\/\"},\"author\":{\"name\":\"Tom\",\"@id\":\"https:\\\/\\\/www.neumeyer-abzeichen.de\\\/blog\\\/#\\\/schema\\\/person\\\/eb9c2e569f3a2d01bc40b86b6af1be13\"},\"headline\":\"Jeckische Schlachtrufe \u2013 Die Vielfalt der deutschen Karnevalsgr\u00fc\u00dfe\",\"datePublished\":\"2014-10-14T13:34:09+00:00\",\"dateModified\":\"2018-01-09T12:56:08+00:00\",\"mainEntityOfPage\":{\"@id\":\"https:\\\/\\\/www.neumeyer-abzeichen.de\\\/blog\\\/jeckische-schlachtrufe-die-vielfalt-der-deutschen-karnevalsgruesse\\\/\"},\"wordCount\":634,\"commentCount\":0,\"image\":{\"@id\":\"https:\\\/\\\/www.neumeyer-abzeichen.de\\\/blog\\\/jeckische-schlachtrufe-die-vielfalt-der-deutschen-karnevalsgruesse\\\/#primaryimage\"},\"thumbnailUrl\":\"http:\\\/\\\/www.neumeyer-abzeichen.de\\\/blog\\\/wp-content\\\/uploads\\\/2014\\\/10\\\/Fotolia_36309885_XS_copyright-150x150.jpg\",\"keywords\":[\"Karneval\"],\"articleSection\":{\"1\":\"Karneval\"},\"inLanguage\":\"de\",\"potentialAction\":[{\"@type\":\"CommentAction\",\"name\":\"Comment\",\"target\":[\"https:\\\/\\\/www.neumeyer-abzeichen.de\\\/blog\\\/jeckische-schlachtrufe-die-vielfalt-der-deutschen-karnevalsgruesse\\\/#respond\"]}]},{\"@type\":\"WebPage\",\"@id\":\"https:\\\/\\\/www.neumeyer-abzeichen.de\\\/blog\\\/jeckische-schlachtrufe-die-vielfalt-der-deutschen-karnevalsgruesse\\\/\",\"url\":\"https:\\\/\\\/www.neumeyer-abzeichen.de\\\/blog\\\/jeckische-schlachtrufe-die-vielfalt-der-deutschen-karnevalsgruesse\\\/\",\"name\":\"Jeckische Schlachtrufe - die deutschen Karnevalsgr\u00fc\u00dfe\",\"isPartOf\":{\"@id\":\"https:\\\/\\\/www.neumeyer-abzeichen.de\\\/blog\\\/#website\"},\"primaryImageOfPage\":{\"@id\":\"https:\\\/\\\/www.neumeyer-abzeichen.de\\\/blog\\\/jeckische-schlachtrufe-die-vielfalt-der-deutschen-karnevalsgruesse\\\/#primaryimage\"},\"image\":{\"@id\":\"https:\\\/\\\/www.neumeyer-abzeichen.de\\\/blog\\\/jeckische-schlachtrufe-die-vielfalt-der-deutschen-karnevalsgruesse\\\/#primaryimage\"},\"thumbnailUrl\":\"http:\\\/\\\/www.neumeyer-abzeichen.de\\\/blog\\\/wp-content\\\/uploads\\\/2014\\\/10\\\/Fotolia_36309885_XS_copyright-150x150.jpg\",\"datePublished\":\"2014-10-14T13:34:09+00:00\",\"dateModified\":\"2018-01-09T12:56:08+00:00\",\"author\":{\"@id\":\"https:\\\/\\\/www.neumeyer-abzeichen.de\\\/blog\\\/#\\\/schema\\\/person\\\/eb9c2e569f3a2d01bc40b86b6af1be13\"},\"description\":\"Die Karnevalsausrufe &#9989; erfolgen einerseits am Ende einer B\u00fcttenrede, andererseits ist es eine Begr\u00fc\u00dfung zwischen den N\u00e4rrinnen und Narren &#9989; Mehr erfahren!\",\"breadcrumb\":{\"@id\":\"https:\\\/\\\/www.neumeyer-abzeichen.de\\\/blog\\\/jeckische-schlachtrufe-die-vielfalt-der-deutschen-karnevalsgruesse\\\/#breadcrumb\"},\"inLanguage\":\"de\",\"potentialAction\":[{\"@type\":\"ReadAction\",\"target\":[\"https:\\\/\\\/www.neumeyer-abzeichen.de\\\/blog\\\/jeckische-schlachtrufe-die-vielfalt-der-deutschen-karnevalsgruesse\\\/\"]}]},{\"@type\":\"ImageObject\",\"inLanguage\":\"de\",\"@id\":\"https:\\\/\\\/www.neumeyer-abzeichen.de\\\/blog\\\/jeckische-schlachtrufe-die-vielfalt-der-deutschen-karnevalsgruesse\\\/#primaryimage\",\"url\":\"http:\\\/\\\/www.neumeyer-abzeichen.de\\\/blog\\\/wp-content\\\/uploads\\\/2014\\\/10\\\/Fotolia_36309885_XS_copyright-150x150.jpg\",\"contentUrl\":\"http:\\\/\\\/www.neumeyer-abzeichen.de\\\/blog\\\/wp-content\\\/uploads\\\/2014\\\/10\\\/Fotolia_36309885_XS_copyright-150x150.jpg\"},{\"@type\":\"BreadcrumbList\",\"@id\":\"https:\\\/\\\/www.neumeyer-abzeichen.de\\\/blog\\\/jeckische-schlachtrufe-die-vielfalt-der-deutschen-karnevalsgruesse\\\/#breadcrumb\",\"itemListElement\":[{\"@type\":\"ListItem\",\"position\":1,\"name\":\"Home\",\"item\":\"https:\\\/\\\/www.neumeyer-abzeichen.de\\\/blog\\\/\"},{\"@type\":\"ListItem\",\"position\":2,\"name\":\"Jeckische Schlachtrufe \u2013 Die Vielfalt der deutschen Karnevalsgr\u00fc\u00dfe\"}]},{\"@type\":\"WebSite\",\"@id\":\"https:\\\/\\\/www.neumeyer-abzeichen.de\\\/blog\\\/#website\",\"url\":\"https:\\\/\\\/www.neumeyer-abzeichen.de\\\/blog\\\/\",\"name\":\"Neumeyer-Abzeichen-Blog\",\"description\":\"Der Abzeichen- und Fanartikel-Blog\",\"potentialAction\":[{\"@type\":\"SearchAction\",\"target\":{\"@type\":\"EntryPoint\",\"urlTemplate\":\"https:\\\/\\\/www.neumeyer-abzeichen.de\\\/blog\\\/?s={search_term_string}\"},\"query-input\":{\"@type\":\"PropertyValueSpecification\",\"valueRequired\":true,\"valueName\":\"search_term_string\"}}],\"inLanguage\":\"de\"},{\"@type\":\"Person\",\"@id\":\"https:\\\/\\\/www.neumeyer-abzeichen.de\\\/blog\\\/#\\\/schema\\\/person\\\/eb9c2e569f3a2d01bc40b86b6af1be13\",\"name\":\"Tom\",\"image\":{\"@type\":\"ImageObject\",\"inLanguage\":\"de\",\"@id\":\"https:\\\/\\\/secure.gravatar.com\\\/avatar\\\/87871f34e68fada81c8b2d10de871853f840bd8f0ad7aff2ea65fb4c2a471f27?s=96&d=mm&r=g\",\"url\":\"https:\\\/\\\/secure.gravatar.com\\\/avatar\\\/87871f34e68fada81c8b2d10de871853f840bd8f0ad7aff2ea65fb4c2a471f27?s=96&d=mm&r=g\",\"contentUrl\":\"https:\\\/\\\/secure.gravatar.com\\\/avatar\\\/87871f34e68fada81c8b2d10de871853f840bd8f0ad7aff2ea65fb4c2a471f27?s=96&d=mm&r=g\",\"caption\":\"Tom\"},\"url\":\"https:\\\/\\\/www.neumeyer-abzeichen.de\\\/blog\\\/author\\\/tom\\\/\"}]}<\/script>\n<!-- \/ Yoast SEO Premium plugin. -->","yoast_head_json":{"title":"Jeckische Schlachtrufe - die deutschen Karnevalsgr\u00fc\u00dfe","description":"Die Karnevalsausrufe &#9989; erfolgen einerseits am Ende einer B\u00fcttenrede, andererseits ist es eine Begr\u00fc\u00dfung zwischen den N\u00e4rrinnen und Narren &#9989; Mehr erfahren!","robots":{"index":"index","follow":"follow","max-snippet":"max-snippet:-1","max-image-preview":"max-image-preview:large","max-video-preview":"max-video-preview:-1"},"canonical":"https:\/\/www.neumeyer-abzeichen.de\/blog\/jeckische-schlachtrufe-die-vielfalt-der-deutschen-karnevalsgruesse\/","og_locale":"de_DE","og_type":"article","og_title":"Jeckische Schlachtrufe \u2013 Die Vielfalt der deutschen Karnevalsgr\u00fc\u00dfe","og_description":"Die Karnevalsausrufe &#9989; erfolgen einerseits am Ende einer B\u00fcttenrede, andererseits ist es eine Begr\u00fc\u00dfung zwischen den N\u00e4rrinnen und Narren &#9989; Mehr erfahren!","og_url":"https:\/\/www.neumeyer-abzeichen.de\/blog\/jeckische-schlachtrufe-die-vielfalt-der-deutschen-karnevalsgruesse\/","og_site_name":"Neumeyer-Abzeichen-Blog","article_published_time":"2014-10-14T13:34:09+00:00","article_modified_time":"2018-01-09T12:56:08+00:00","og_image":[{"width":412,"height":321,"url":"https:\/\/www.neumeyer-abzeichen.de\/blog\/wp-content\/uploads\/2014\/10\/Fotolia_36309885_XS_copyright.jpg","type":"image\/jpeg"}],"author":"Tom","twitter_misc":{"Verfasst von":"Tom","Gesch\u00e4tzte Lesezeit":"3\u00a0Minuten"},"schema":{"@context":"https:\/\/schema.org","@graph":[{"@type":"Article","@id":"https:\/\/www.neumeyer-abzeichen.de\/blog\/jeckische-schlachtrufe-die-vielfalt-der-deutschen-karnevalsgruesse\/#article","isPartOf":{"@id":"https:\/\/www.neumeyer-abzeichen.de\/blog\/jeckische-schlachtrufe-die-vielfalt-der-deutschen-karnevalsgruesse\/"},"author":{"name":"Tom","@id":"https:\/\/www.neumeyer-abzeichen.de\/blog\/#\/schema\/person\/eb9c2e569f3a2d01bc40b86b6af1be13"},"headline":"Jeckische Schlachtrufe \u2013 Die Vielfalt der deutschen Karnevalsgr\u00fc\u00dfe","datePublished":"2014-10-14T13:34:09+00:00","dateModified":"2018-01-09T12:56:08+00:00","mainEntityOfPage":{"@id":"https:\/\/www.neumeyer-abzeichen.de\/blog\/jeckische-schlachtrufe-die-vielfalt-der-deutschen-karnevalsgruesse\/"},"wordCount":634,"commentCount":0,"image":{"@id":"https:\/\/www.neumeyer-abzeichen.de\/blog\/jeckische-schlachtrufe-die-vielfalt-der-deutschen-karnevalsgruesse\/#primaryimage"},"thumbnailUrl":"http:\/\/www.neumeyer-abzeichen.de\/blog\/wp-content\/uploads\/2014\/10\/Fotolia_36309885_XS_copyright-150x150.jpg","keywords":["Karneval"],"articleSection":{"1":"Karneval"},"inLanguage":"de","potentialAction":[{"@type":"CommentAction","name":"Comment","target":["https:\/\/www.neumeyer-abzeichen.de\/blog\/jeckische-schlachtrufe-die-vielfalt-der-deutschen-karnevalsgruesse\/#respond"]}]},{"@type":"WebPage","@id":"https:\/\/www.neumeyer-abzeichen.de\/blog\/jeckische-schlachtrufe-die-vielfalt-der-deutschen-karnevalsgruesse\/","url":"https:\/\/www.neumeyer-abzeichen.de\/blog\/jeckische-schlachtrufe-die-vielfalt-der-deutschen-karnevalsgruesse\/","name":"Jeckische Schlachtrufe - die deutschen Karnevalsgr\u00fc\u00dfe","isPartOf":{"@id":"https:\/\/www.neumeyer-abzeichen.de\/blog\/#website"},"primaryImageOfPage":{"@id":"https:\/\/www.neumeyer-abzeichen.de\/blog\/jeckische-schlachtrufe-die-vielfalt-der-deutschen-karnevalsgruesse\/#primaryimage"},"image":{"@id":"https:\/\/www.neumeyer-abzeichen.de\/blog\/jeckische-schlachtrufe-die-vielfalt-der-deutschen-karnevalsgruesse\/#primaryimage"},"thumbnailUrl":"http:\/\/www.neumeyer-abzeichen.de\/blog\/wp-content\/uploads\/2014\/10\/Fotolia_36309885_XS_copyright-150x150.jpg","datePublished":"2014-10-14T13:34:09+00:00","dateModified":"2018-01-09T12:56:08+00:00","author":{"@id":"https:\/\/www.neumeyer-abzeichen.de\/blog\/#\/schema\/person\/eb9c2e569f3a2d01bc40b86b6af1be13"},"description":"Die Karnevalsausrufe &#9989; erfolgen einerseits am Ende einer B\u00fcttenrede, andererseits ist es eine Begr\u00fc\u00dfung zwischen den N\u00e4rrinnen und Narren &#9989; Mehr erfahren!","breadcrumb":{"@id":"https:\/\/www.neumeyer-abzeichen.de\/blog\/jeckische-schlachtrufe-die-vielfalt-der-deutschen-karnevalsgruesse\/#breadcrumb"},"inLanguage":"de","potentialAction":[{"@type":"ReadAction","target":["https:\/\/www.neumeyer-abzeichen.de\/blog\/jeckische-schlachtrufe-die-vielfalt-der-deutschen-karnevalsgruesse\/"]}]},{"@type":"ImageObject","inLanguage":"de","@id":"https:\/\/www.neumeyer-abzeichen.de\/blog\/jeckische-schlachtrufe-die-vielfalt-der-deutschen-karnevalsgruesse\/#primaryimage","url":"http:\/\/www.neumeyer-abzeichen.de\/blog\/wp-content\/uploads\/2014\/10\/Fotolia_36309885_XS_copyright-150x150.jpg","contentUrl":"http:\/\/www.neumeyer-abzeichen.de\/blog\/wp-content\/uploads\/2014\/10\/Fotolia_36309885_XS_copyright-150x150.jpg"},{"@type":"BreadcrumbList","@id":"https:\/\/www.neumeyer-abzeichen.de\/blog\/jeckische-schlachtrufe-die-vielfalt-der-deutschen-karnevalsgruesse\/#breadcrumb","itemListElement":[{"@type":"ListItem","position":1,"name":"Home","item":"https:\/\/www.neumeyer-abzeichen.de\/blog\/"},{"@type":"ListItem","position":2,"name":"Jeckische Schlachtrufe \u2013 Die Vielfalt der deutschen Karnevalsgr\u00fc\u00dfe"}]},{"@type":"WebSite","@id":"https:\/\/www.neumeyer-abzeichen.de\/blog\/#website","url":"https:\/\/www.neumeyer-abzeichen.de\/blog\/","name":"Neumeyer-Abzeichen-Blog","description":"Der Abzeichen- und Fanartikel-Blog","potentialAction":[{"@type":"SearchAction","target":{"@type":"EntryPoint","urlTemplate":"https:\/\/www.neumeyer-abzeichen.de\/blog\/?s={search_term_string}"},"query-input":{"@type":"PropertyValueSpecification","valueRequired":true,"valueName":"search_term_string"}}],"inLanguage":"de"},{"@type":"Person","@id":"https:\/\/www.neumeyer-abzeichen.de\/blog\/#\/schema\/person\/eb9c2e569f3a2d01bc40b86b6af1be13","name":"Tom","image":{"@type":"ImageObject","inLanguage":"de","@id":"https:\/\/secure.gravatar.com\/avatar\/87871f34e68fada81c8b2d10de871853f840bd8f0ad7aff2ea65fb4c2a471f27?s=96&d=mm&r=g","url":"https:\/\/secure.gravatar.com\/avatar\/87871f34e68fada81c8b2d10de871853f840bd8f0ad7aff2ea65fb4c2a471f27?s=96&d=mm&r=g","contentUrl":"https:\/\/secure.gravatar.com\/avatar\/87871f34e68fada81c8b2d10de871853f840bd8f0ad7aff2ea65fb4c2a471f27?s=96&d=mm&r=g","caption":"Tom"},"url":"https:\/\/www.neumeyer-abzeichen.de\/blog\/author\/tom\/"}]}},"_links":{"self":[{"href":"https:\/\/www.neumeyer-abzeichen.de\/blog\/wp-json\/wp\/v2\/posts\/340","targetHints":{"allow":["GET"]}}],"collection":[{"href":"https:\/\/www.neumeyer-abzeichen.de\/blog\/wp-json\/wp\/v2\/posts"}],"about":[{"href":"https:\/\/www.neumeyer-abzeichen.de\/blog\/wp-json\/wp\/v2\/types\/post"}],"author":[{"embeddable":true,"href":"https:\/\/www.neumeyer-abzeichen.de\/blog\/wp-json\/wp\/v2\/users\/1"}],"replies":[{"embeddable":true,"href":"https:\/\/www.neumeyer-abzeichen.de\/blog\/wp-json\/wp\/v2\/comments?post=340"}],"version-history":[{"count":4,"href":"https:\/\/www.neumeyer-abzeichen.de\/blog\/wp-json\/wp\/v2\/posts\/340\/revisions"}],"predecessor-version":[{"id":885,"href":"https:\/\/www.neumeyer-abzeichen.de\/blog\/wp-json\/wp\/v2\/posts\/340\/revisions\/885"}],"wp:attachment":[{"href":"https:\/\/www.neumeyer-abzeichen.de\/blog\/wp-json\/wp\/v2\/media?parent=340"}],"wp:term":[{"taxonomy":"category","embeddable":true,"href":"https:\/\/www.neumeyer-abzeichen.de\/blog\/wp-json\/wp\/v2\/categories?post=340"},{"taxonomy":"post_tag","embeddable":true,"href":"https:\/\/www.neumeyer-abzeichen.de\/blog\/wp-json\/wp\/v2\/tags?post=340"}],"curies":[{"name":"wp","href":"https:\/\/api.w.org\/{rel}","templated":true}]}}