{"id":3126,"date":"2026-08-28T10:05:52","date_gmt":"2026-08-28T08:05:52","guid":{"rendered":"https:\/\/www.neumeyer-abzeichen.de\/blog\/fanschal-selbst-gestalten-gestrickt-bedruckt-menge\/"},"modified":"2026-08-28T10:05:52","modified_gmt":"2026-08-28T08:05:52","slug":"fanschal-selbst-gestalten-gestrickt-bedruckt-menge","status":"publish","type":"post","link":"https:\/\/www.neumeyer-abzeichen.de\/blog\/fanschal-selbst-gestalten-gestrickt-bedruckt-menge\/","title":{"rendered":"Fanschal selbst gestalten: gestrickt oder bedruckt \u2013 und ab welcher Menge?"},"content":{"rendered":"<p>Zwei Fragen entscheiden \u00fcber fast alles beim eigenen Fanschal: <strong>gestrickt oder bedruckt<\/strong> \u2013 und <strong>ab welcher Menge<\/strong> geht das \u00fcberhaupt. An diesen beiden h\u00e4ngen Preis, Aussehen, Haltbarkeit und die Frage, was sich vom Entwurf umsetzen l\u00e4sst.<\/p>\n<p>Wir stricken Fanschals seit Jahrzehnten f\u00fcr Vereine, Fanclubs, Karnevalsgesellschaften, Bands und Firmen. Hier stehen die Antworten, die wir am h\u00e4ufigsten geben.<\/p>\n<h2>Ab welcher Menge? Kurz: ab 10 St\u00fcck<\/h2>\n<p>Der gestrickte Fanschal ist <strong>ab 10 St\u00fcck<\/strong> lieferbar, weitere Abnahme in F\u00fcnferschritten. Das ist niedriger, als viele vermuten \u2013 wir beliefern ausdr\u00fccklich auch kleine Fanclubs und Hobbymannschaften, nicht nur Vereine mit vierstelligen Mitgliederzahlen. Einzelanfertigungen sind auf Anfrage ebenfalls m\u00f6glich.<\/p>\n<p>Eine Ausnahme: Der <a href=\"https:\/\/www.neumeyer-abzeichen.de\/fanschals\/minischals\/\">Auto-Minischal<\/a> mit Saugn\u00e4pfen beginnt bei 50 St\u00fcck.<\/p>\n<h2>Gestrickt oder bedruckt?<\/h2>\n<p>Das ist die eigentliche Grundsatzentscheidung, und sie f\u00e4llt fast immer gleich aus.<\/p>\n<p><strong>Gestrickt<\/strong> hei\u00dft: Das Motiv besteht aus Maschen. Es ist Teil des Schals, nicht auf ihm. Es kann nicht abbl\u00e4ttern, nicht ausbleichen und nicht abgewaschen werden. Es ist die Machart, die auch Bundesligavereine verwenden, und der Grund, warum alte Fanschals nach zwanzig Jahren noch aussehen wie Fanschals.<\/p>\n<p><strong>Bedruckt<\/strong> hei\u00dft: Das Motiv liegt auf dem Gewebe. Der eine Vorteil ist entscheidend \u2013 man kann alles drucken, auch Fotos und Farbverl\u00e4ufe.<\/p>\n<p>Die Regel, die sich daraus ergibt:<\/p>\n<ul>\n<li><strong>Wappen, Schriftz\u00fcge, Fl\u00e4chen, Streifen<\/strong> \u2192 gestrickt. Immer.<\/li>\n<li><strong>Fotos, Portr\u00e4ts, Farbverl\u00e4ufe<\/strong> \u2192 <a href=\"https:\/\/www.neumeyer-abzeichen.de\/fanschals\/werbeschals\/\">bedruckt<\/a>, weil es gestrickt nicht geht.<\/li>\n<\/ul>\n<p>Alles, was in die zweite Kategorie f\u00e4llt, sollte man vorher kritisch anschauen. Ein Foto auf einem Schal wirkt selten so gut wie ein klares Wappen.<\/p>\n<h2>Was sich stricken l\u00e4sst \u2013 und was nicht<\/h2>\n<p>Die kleinste Einheit beim Stricken ist <strong>eine Masche von etwa 2 \u00d7 2 Millimetern<\/strong>. Das ist die harte Grenze, und daraus folgt der Rest:<\/p>\n<ul>\n<li><strong>Farbverl\u00e4ufe sind nicht m\u00f6glich.<\/strong> Eine Masche hat eine Farbe. Ein Verlauf m\u00fcsste in Stufen zerlegt werden, und jede Stufe kostet eine Farbe.<\/li>\n<li><strong>Feine Details werden vereinfacht.<\/strong> Filigrane Wappen mit Schraffuren, d\u00fcnne Umrandungen, kleine Jahreszahlen \u2013 das reduzieren wir, damit es sauber aussieht statt matschig.<\/li>\n<li><strong>Bis zu 5 Farben im Logo<\/strong>, dazu <strong>bis zu 3 Fransenfarben<\/strong>.<\/li>\n<\/ul>\n<p>Ein Praxistipp: Halten Sie Ihren Entwurf gegen ein Millimeterraster von 2 mm. Was darin verschwindet, verschwindet auch im Schal. Wir pr\u00fcfen das ohnehin und melden uns, bevor produziert wird \u2013 aber wer es vorher selbst sieht, kann sein Design noch selbst bestimmen.<\/p>\n<h2>Gr\u00f6\u00dfen<\/h2>\n<ul>\n<li><strong>Standard: 145 \u00d7 18 cm<\/strong>, inklusive Fransen \u2013 die \u00fcbliche Stadiongr\u00f6\u00dfe<\/li>\n<li><strong>Kindergr\u00f6\u00dfe: 110 \u00d7 13 cm<\/strong><\/li>\n<li><strong>Auto-Minischal<\/strong> mit zwei Saugn\u00e4pfen f\u00fcrs Fenster<\/li>\n<\/ul>\n<p>Andere L\u00e4ngen sind auf Anfrage m\u00f6glich; der Schal kann auf Wunsch l\u00e4nger oder k\u00fcrzer gestrickt werden.<\/p>\n<h2>Zwei Seiten, zwei Motive<\/h2>\n<p>Das ist die am meisten untersch\u00e4tzte M\u00f6glichkeit: <strong>Vorder- und R\u00fcckseite k\u00f6nnen v\u00f6llig unterschiedlich gestaltet sein<\/strong> \u2013 anderer Text, anderes Motiv, andere Farben.<\/p>\n<p>In der Praxis wird daraus meistens: Wappen und Vereinsname auf der einen Seite, Anlass auf der anderen \u2013 Spielpaarung, Aufstiegsjahr, Jubil\u00e4um, Motto der Session. Damit funktioniert derselbe Schal als Vereinsartikel und als Erinnerungsst\u00fcck an einen Tag. Wer nur eine Seite gestaltet, verschenkt die H\u00e4lfte.<\/p>\n<h2>Was es kostet: die einmaligen 25 Euro<\/h2>\n<p>Neben dem St\u00fcckpreis fallen <strong>Strickprogrammkosten von 25,00 \u20ac brutto<\/strong> an. Das ist der Aufwand, Ihr Design in ein Strickprogramm zu \u00fcbersetzen.<\/p>\n<p>Der wichtige Teil: Diese Kosten fallen <strong>nur bei der Erstbestellung<\/strong> an. Bleibt das Design unver\u00e4ndert, entfallen sie bei jeder Nachbestellung. F\u00fcr Vereine, die alle paar Jahre nachordern, ist das ein Argument daf\u00fcr, ein Design zu w\u00e4hlen, das ohne Jahreszahl auskommt \u2013 oder die Jahreszahl auf die zweite Seite zu legen und nur diese anzupassen.<\/p>\n<p>Die St\u00fcckpreise nennen wir im Angebot, weil sie an Menge und Ausf\u00fchrung h\u00e4ngen.<\/p>\n<h2>Lieferzeit und Ablauf<\/h2>\n<p>Die Lieferzeit betr\u00e4gt in der Regel <strong>etwa vier Wochen<\/strong> nach Auftragseingang. Nach Absprache geht es manchmal schneller \u2013 sagen Sie uns Ihren Termin gleich in der Anfrage.<\/p>\n<ol>\n<li><strong>Entwurf schicken:<\/strong> eine JPG- oder PDF-Datei, oder eine Handskizze.<\/li>\n<li><strong>Korrekturabzug:<\/strong> Sie erhalten einen farbigen Computerausdruck Ihres Schals.<\/li>\n<li><strong>Freigabe.<\/strong> Erst danach wird das Strickprogramm erstellt.<\/li>\n<li><strong>Produktion und Lieferung<\/strong> nach rund vier Wochen.<\/li>\n<\/ol>\n<h2>Waschen und Pflege<\/h2>\n<p>Das Garn besteht zu 100 % aus Acryl. Waschen mit Feinwaschmittel bis 40 \u00b0C, <strong>nicht schleudern<\/strong>. Das Schleudern verzieht die Fransen, und das l\u00e4sst sich nicht r\u00fcckg\u00e4ngig machen.<\/p>\n<h2>Und wenn Sie noch keinen Entwurf haben<\/h2>\n<p>Dann fangen Sie trotzdem an. Wir brauchen keine fertige Druckdatei \u2013 eine Handskizze reicht uns, um daraus einen Korrekturabzug zu machen. Wer lieber selbst probiert, kann den <a href=\"https:\/\/www.neumeyer-abzeichen.de\/fanschals\/\">Fanschal-Konfigurator<\/a> nutzen und das Ergebnis als Grundlage schicken.<\/p>\n<p>Alle Angaben und den vollst\u00e4ndigen Ablauf finden Sie auf der Seite <a href=\"https:\/\/www.neumeyer-abzeichen.de\/fanschals\/selbst-gestalten\/\">Fanschal selbst gestalten<\/a>. Wenn Sie sich zuerst Beispiele ansehen m\u00f6chten: <a href=\"https:\/\/www.neumeyer-abzeichen.de\/fanschals\/verein\/\">Muster f\u00fcr Vereine<\/a>, <a href=\"https:\/\/www.neumeyer-abzeichen.de\/fanschals\/fanclub\/\">f\u00fcr Fanclubs<\/a> und <a href=\"https:\/\/www.neumeyer-abzeichen.de\/fanschals\/motto-anlass\/\">f\u00fcr Motto und Anlass<\/a>.<\/p>\n","protected":false},"excerpt":{"rendered":"<p>Ab 10 St\u00fcck, in F\u00fcnferschritten. Was sich stricken l\u00e4sst und was nicht, warum zwei Seiten besser sind als eine und was es mit den einmaligen 25 Euro auf sich hat.<\/p>\n","protected":false},"author":2,"featured_media":3127,"comment_status":"closed","ping_status":"closed","sticky":false,"template":"","format":"standard","meta":{"footnotes":""},"categories":[38],"tags":[],"class_list":["post-3126","post","type-post","status-publish","format-standard","has-post-thumbnail","hentry","category-textilien"],"yoast_head":"<!-- This site is optimized with the Yoast SEO Premium plugin v26.0 (Yoast SEO v28.3) - https:\/\/yoast.com\/product\/yoast-seo-premium-wordpress\/ -->\n<title>Fanschal selbst gestalten: gestrickt oder bedruckt, ab 10 St\u00fcck - Neumeyer-Abzeichen-Blog<\/title>\n<meta name=\"description\" content=\"Eigenen Fanschal gestalten: gestrickt oder bedruckt, Mindestmenge 10 St\u00fcck, bis zu 5 Logofarben, zwei unterschiedliche Seiten, ca. 4 Wochen Lieferzeit.\" \/>\n<meta name=\"robots\" content=\"index, follow, max-snippet:-1, max-image-preview:large, max-video-preview:-1\" \/>\n<link rel=\"canonical\" href=\"https:\/\/www.neumeyer-abzeichen.de\/blog\/fanschal-selbst-gestalten-gestrickt-bedruckt-menge\/\" \/>\n<meta property=\"og:locale\" content=\"de_DE\" \/>\n<meta property=\"og:type\" content=\"article\" \/>\n<meta property=\"og:title\" content=\"Fanschal selbst gestalten: gestrickt oder bedruckt \u2013 und ab welcher Menge?\" \/>\n<meta property=\"og:description\" content=\"Eigenen Fanschal gestalten: gestrickt oder bedruckt, Mindestmenge 10 St\u00fcck, bis zu 5 Logofarben, zwei unterschiedliche Seiten, ca. 4 Wochen Lieferzeit.\" \/>\n<meta property=\"og:url\" content=\"https:\/\/www.neumeyer-abzeichen.de\/blog\/fanschal-selbst-gestalten-gestrickt-bedruckt-menge\/\" \/>\n<meta property=\"og:site_name\" content=\"Neumeyer-Abzeichen-Blog\" \/>\n<meta property=\"article:publisher\" content=\"https:\/\/www.facebook.com\/neumeyer.abzeichen\" \/>\n<meta property=\"article:published_time\" content=\"2026-08-28T08:05:52+00:00\" \/>\n<meta property=\"og:image\" content=\"https:\/\/www.neumeyer-abzeichen.de\/blog\/wp-content\/uploads\/2026\/08\/fanschal-fsv-franzenheim.jpg\" \/>\n\t<meta property=\"og:image:width\" content=\"610\" \/>\n\t<meta property=\"og:image:height\" content=\"610\" \/>\n\t<meta property=\"og:image:type\" content=\"image\/jpeg\" \/>\n<meta name=\"author\" content=\"Neumeyer Abzeichen\" \/>\n<meta name=\"twitter:label1\" content=\"Verfasst von\" \/>\n\t<meta name=\"twitter:data1\" content=\"Neumeyer Abzeichen\" \/>\n\t<meta name=\"twitter:label2\" content=\"Gesch\u00e4tzte Lesezeit\" \/>\n\t<meta name=\"twitter:data2\" content=\"4\u00a0Minuten\" \/>\n<script type=\"application\/ld+json\" class=\"yoast-schema-graph\">{\"@context\":\"https:\\\/\\\/schema.org\",\"@graph\":[{\"@type\":\"Article\",\"@id\":\"https:\\\/\\\/www.neumeyer-abzeichen.de\\\/blog\\\/fanschal-selbst-gestalten-gestrickt-bedruckt-menge\\\/#article\",\"isPartOf\":{\"@id\":\"https:\\\/\\\/www.neumeyer-abzeichen.de\\\/blog\\\/fanschal-selbst-gestalten-gestrickt-bedruckt-menge\\\/\"},\"author\":{\"name\":\"Neumeyer Abzeichen\",\"@id\":\"https:\\\/\\\/www.neumeyer-abzeichen.de\\\/blog\\\/#\\\/schema\\\/person\\\/d188a1d576f21b93345907b0d1b9c364\"},\"headline\":\"Fanschal selbst gestalten: gestrickt oder bedruckt \u2013 und ab welcher Menge?\",\"datePublished\":\"2026-08-28T08:05:52+00:00\",\"mainEntityOfPage\":{\"@id\":\"https:\\\/\\\/www.neumeyer-abzeichen.de\\\/blog\\\/fanschal-selbst-gestalten-gestrickt-bedruckt-menge\\\/\"},\"wordCount\":778,\"publisher\":{\"@id\":\"https:\\\/\\\/www.neumeyer-abzeichen.de\\\/blog\\\/#organization\"},\"image\":{\"@id\":\"https:\\\/\\\/www.neumeyer-abzeichen.de\\\/blog\\\/fanschal-selbst-gestalten-gestrickt-bedruckt-menge\\\/#primaryimage\"},\"thumbnailUrl\":\"https:\\\/\\\/www.neumeyer-abzeichen.de\\\/blog\\\/wp-content\\\/uploads\\\/2026\\\/08\\\/fanschal-fsv-franzenheim.jpg\",\"articleSection\":[\"Textilien\"],\"inLanguage\":\"de\"},{\"@type\":\"WebPage\",\"@id\":\"https:\\\/\\\/www.neumeyer-abzeichen.de\\\/blog\\\/fanschal-selbst-gestalten-gestrickt-bedruckt-menge\\\/\",\"url\":\"https:\\\/\\\/www.neumeyer-abzeichen.de\\\/blog\\\/fanschal-selbst-gestalten-gestrickt-bedruckt-menge\\\/\",\"name\":\"Fanschal selbst gestalten: gestrickt oder bedruckt, ab 10 St\u00fcck - Neumeyer-Abzeichen-Blog\",\"isPartOf\":{\"@id\":\"https:\\\/\\\/www.neumeyer-abzeichen.de\\\/blog\\\/#website\"},\"primaryImageOfPage\":{\"@id\":\"https:\\\/\\\/www.neumeyer-abzeichen.de\\\/blog\\\/fanschal-selbst-gestalten-gestrickt-bedruckt-menge\\\/#primaryimage\"},\"image\":{\"@id\":\"https:\\\/\\\/www.neumeyer-abzeichen.de\\\/blog\\\/fanschal-selbst-gestalten-gestrickt-bedruckt-menge\\\/#primaryimage\"},\"thumbnailUrl\":\"https:\\\/\\\/www.neumeyer-abzeichen.de\\\/blog\\\/wp-content\\\/uploads\\\/2026\\\/08\\\/fanschal-fsv-franzenheim.jpg\",\"datePublished\":\"2026-08-28T08:05:52+00:00\",\"description\":\"Eigenen Fanschal gestalten: gestrickt oder bedruckt, Mindestmenge 10 St\u00fcck, bis zu 5 Logofarben, zwei unterschiedliche Seiten, ca. 4 Wochen Lieferzeit.\",\"breadcrumb\":{\"@id\":\"https:\\\/\\\/www.neumeyer-abzeichen.de\\\/blog\\\/fanschal-selbst-gestalten-gestrickt-bedruckt-menge\\\/#breadcrumb\"},\"inLanguage\":\"de\",\"potentialAction\":[{\"@type\":\"ReadAction\",\"target\":[\"https:\\\/\\\/www.neumeyer-abzeichen.de\\\/blog\\\/fanschal-selbst-gestalten-gestrickt-bedruckt-menge\\\/\"]}]},{\"@type\":\"ImageObject\",\"inLanguage\":\"de\",\"@id\":\"https:\\\/\\\/www.neumeyer-abzeichen.de\\\/blog\\\/fanschal-selbst-gestalten-gestrickt-bedruckt-menge\\\/#primaryimage\",\"url\":\"https:\\\/\\\/www.neumeyer-abzeichen.de\\\/blog\\\/wp-content\\\/uploads\\\/2026\\\/08\\\/fanschal-fsv-franzenheim.jpg\",\"contentUrl\":\"https:\\\/\\\/www.neumeyer-abzeichen.de\\\/blog\\\/wp-content\\\/uploads\\\/2026\\\/08\\\/fanschal-fsv-franzenheim.jpg\",\"width\":610,\"height\":610,\"caption\":\"Individuell gestrickter Fanschal eines Fu\u00dfballvereins\"},{\"@type\":\"BreadcrumbList\",\"@id\":\"https:\\\/\\\/www.neumeyer-abzeichen.de\\\/blog\\\/fanschal-selbst-gestalten-gestrickt-bedruckt-menge\\\/#breadcrumb\",\"itemListElement\":[{\"@type\":\"ListItem\",\"position\":1,\"name\":\"Home\",\"item\":\"https:\\\/\\\/www.neumeyer-abzeichen.de\\\/blog\\\/\"},{\"@type\":\"ListItem\",\"position\":2,\"name\":\"Fanschal selbst gestalten: gestrickt oder bedruckt \u2013 und ab welcher Menge?\"}]},{\"@type\":\"WebSite\",\"@id\":\"https:\\\/\\\/www.neumeyer-abzeichen.de\\\/blog\\\/#website\",\"url\":\"https:\\\/\\\/www.neumeyer-abzeichen.de\\\/blog\\\/\",\"name\":\"Neumeyer-Abzeichen-Blog\",\"description\":\"Der Abzeichen- und Fanartikel-Blog\",\"publisher\":{\"@id\":\"https:\\\/\\\/www.neumeyer-abzeichen.de\\\/blog\\\/#organization\"},\"potentialAction\":[{\"@type\":\"SearchAction\",\"target\":{\"@type\":\"EntryPoint\",\"urlTemplate\":\"https:\\\/\\\/www.neumeyer-abzeichen.de\\\/blog\\\/?s={search_term_string}\"},\"query-input\":{\"@type\":\"PropertyValueSpecification\",\"valueRequired\":true,\"valueName\":\"search_term_string\"}}],\"inLanguage\":\"de\"},{\"@type\":\"Organization\",\"@id\":\"https:\\\/\\\/www.neumeyer-abzeichen.de\\\/blog\\\/#organization\",\"name\":\"Versandhaus Neumeyer-Abzeichen e.K.\",\"url\":\"https:\\\/\\\/www.neumeyer-abzeichen.de\\\/blog\\\/\",\"logo\":{\"@type\":\"ImageObject\",\"inLanguage\":\"de\",\"@id\":\"https:\\\/\\\/www.neumeyer-abzeichen.de\\\/blog\\\/#\\\/schema\\\/logo\\\/image\\\/\",\"url\":\"https:\\\/\\\/www.neumeyer-abzeichen.de\\\/blog\\\/wp-content\\\/uploads\\\/2026\\\/08\\\/cropped-logowebsite.png\",\"contentUrl\":\"https:\\\/\\\/www.neumeyer-abzeichen.de\\\/blog\\\/wp-content\\\/uploads\\\/2026\\\/08\\\/cropped-logowebsite.png\",\"width\":512,\"height\":512,\"caption\":\"Versandhaus Neumeyer-Abzeichen e.K.\"},\"image\":{\"@id\":\"https:\\\/\\\/www.neumeyer-abzeichen.de\\\/blog\\\/#\\\/schema\\\/logo\\\/image\\\/\"},\"sameAs\":[\"https:\\\/\\\/www.facebook.com\\\/neumeyer.abzeichen\",\"https:\\\/\\\/www.instagram.com\\\/neumeyer.abzeichen\\\/\"]},{\"@type\":\"Person\",\"@id\":\"https:\\\/\\\/www.neumeyer-abzeichen.de\\\/blog\\\/#\\\/schema\\\/person\\\/d188a1d576f21b93345907b0d1b9c364\",\"name\":\"Neumeyer Abzeichen\",\"image\":{\"@type\":\"ImageObject\",\"inLanguage\":\"de\",\"@id\":\"https:\\\/\\\/secure.gravatar.com\\\/avatar\\\/38c599b91d2c6cf6955b91ab094c45d12822a567a5a8793864fc6711e652496e?s=96&d=mm&r=g\",\"url\":\"https:\\\/\\\/secure.gravatar.com\\\/avatar\\\/38c599b91d2c6cf6955b91ab094c45d12822a567a5a8793864fc6711e652496e?s=96&d=mm&r=g\",\"contentUrl\":\"https:\\\/\\\/secure.gravatar.com\\\/avatar\\\/38c599b91d2c6cf6955b91ab094c45d12822a567a5a8793864fc6711e652496e?s=96&d=mm&r=g\",\"caption\":\"Neumeyer Abzeichen\"}}]}<\/script>\n<!-- \/ Yoast SEO Premium plugin. -->","yoast_head_json":{"title":"Fanschal selbst gestalten: gestrickt oder bedruckt, ab 10 St\u00fcck - Neumeyer-Abzeichen-Blog","description":"Eigenen Fanschal gestalten: gestrickt oder bedruckt, Mindestmenge 10 St\u00fcck, bis zu 5 Logofarben, zwei unterschiedliche Seiten, ca. 4 Wochen Lieferzeit.","robots":{"index":"index","follow":"follow","max-snippet":"max-snippet:-1","max-image-preview":"max-image-preview:large","max-video-preview":"max-video-preview:-1"},"canonical":"https:\/\/www.neumeyer-abzeichen.de\/blog\/fanschal-selbst-gestalten-gestrickt-bedruckt-menge\/","og_locale":"de_DE","og_type":"article","og_title":"Fanschal selbst gestalten: gestrickt oder bedruckt \u2013 und ab welcher Menge?","og_description":"Eigenen Fanschal gestalten: gestrickt oder bedruckt, Mindestmenge 10 St\u00fcck, bis zu 5 Logofarben, zwei unterschiedliche Seiten, ca. 4 Wochen Lieferzeit.","og_url":"https:\/\/www.neumeyer-abzeichen.de\/blog\/fanschal-selbst-gestalten-gestrickt-bedruckt-menge\/","og_site_name":"Neumeyer-Abzeichen-Blog","article_publisher":"https:\/\/www.facebook.com\/neumeyer.abzeichen","article_published_time":"2026-08-28T08:05:52+00:00","og_image":[{"width":610,"height":610,"url":"https:\/\/www.neumeyer-abzeichen.de\/blog\/wp-content\/uploads\/2026\/08\/fanschal-fsv-franzenheim.jpg","type":"image\/jpeg"}],"author":"Neumeyer Abzeichen","twitter_misc":{"Verfasst von":"Neumeyer Abzeichen","Gesch\u00e4tzte Lesezeit":"4\u00a0Minuten"},"schema":{"@context":"https:\/\/schema.org","@graph":[{"@type":"Article","@id":"https:\/\/www.neumeyer-abzeichen.de\/blog\/fanschal-selbst-gestalten-gestrickt-bedruckt-menge\/#article","isPartOf":{"@id":"https:\/\/www.neumeyer-abzeichen.de\/blog\/fanschal-selbst-gestalten-gestrickt-bedruckt-menge\/"},"author":{"name":"Neumeyer Abzeichen","@id":"https:\/\/www.neumeyer-abzeichen.de\/blog\/#\/schema\/person\/d188a1d576f21b93345907b0d1b9c364"},"headline":"Fanschal selbst gestalten: gestrickt oder bedruckt \u2013 und ab welcher Menge?","datePublished":"2026-08-28T08:05:52+00:00","mainEntityOfPage":{"@id":"https:\/\/www.neumeyer-abzeichen.de\/blog\/fanschal-selbst-gestalten-gestrickt-bedruckt-menge\/"},"wordCount":778,"publisher":{"@id":"https:\/\/www.neumeyer-abzeichen.de\/blog\/#organization"},"image":{"@id":"https:\/\/www.neumeyer-abzeichen.de\/blog\/fanschal-selbst-gestalten-gestrickt-bedruckt-menge\/#primaryimage"},"thumbnailUrl":"https:\/\/www.neumeyer-abzeichen.de\/blog\/wp-content\/uploads\/2026\/08\/fanschal-fsv-franzenheim.jpg","articleSection":["Textilien"],"inLanguage":"de"},{"@type":"WebPage","@id":"https:\/\/www.neumeyer-abzeichen.de\/blog\/fanschal-selbst-gestalten-gestrickt-bedruckt-menge\/","url":"https:\/\/www.neumeyer-abzeichen.de\/blog\/fanschal-selbst-gestalten-gestrickt-bedruckt-menge\/","name":"Fanschal selbst gestalten: gestrickt oder bedruckt, ab 10 St\u00fcck - Neumeyer-Abzeichen-Blog","isPartOf":{"@id":"https:\/\/www.neumeyer-abzeichen.de\/blog\/#website"},"primaryImageOfPage":{"@id":"https:\/\/www.neumeyer-abzeichen.de\/blog\/fanschal-selbst-gestalten-gestrickt-bedruckt-menge\/#primaryimage"},"image":{"@id":"https:\/\/www.neumeyer-abzeichen.de\/blog\/fanschal-selbst-gestalten-gestrickt-bedruckt-menge\/#primaryimage"},"thumbnailUrl":"https:\/\/www.neumeyer-abzeichen.de\/blog\/wp-content\/uploads\/2026\/08\/fanschal-fsv-franzenheim.jpg","datePublished":"2026-08-28T08:05:52+00:00","description":"Eigenen Fanschal gestalten: gestrickt oder bedruckt, Mindestmenge 10 St\u00fcck, bis zu 5 Logofarben, zwei unterschiedliche Seiten, ca. 4 Wochen Lieferzeit.","breadcrumb":{"@id":"https:\/\/www.neumeyer-abzeichen.de\/blog\/fanschal-selbst-gestalten-gestrickt-bedruckt-menge\/#breadcrumb"},"inLanguage":"de","potentialAction":[{"@type":"ReadAction","target":["https:\/\/www.neumeyer-abzeichen.de\/blog\/fanschal-selbst-gestalten-gestrickt-bedruckt-menge\/"]}]},{"@type":"ImageObject","inLanguage":"de","@id":"https:\/\/www.neumeyer-abzeichen.de\/blog\/fanschal-selbst-gestalten-gestrickt-bedruckt-menge\/#primaryimage","url":"https:\/\/www.neumeyer-abzeichen.de\/blog\/wp-content\/uploads\/2026\/08\/fanschal-fsv-franzenheim.jpg","contentUrl":"https:\/\/www.neumeyer-abzeichen.de\/blog\/wp-content\/uploads\/2026\/08\/fanschal-fsv-franzenheim.jpg","width":610,"height":610,"caption":"Individuell gestrickter Fanschal eines Fu\u00dfballvereins"},{"@type":"BreadcrumbList","@id":"https:\/\/www.neumeyer-abzeichen.de\/blog\/fanschal-selbst-gestalten-gestrickt-bedruckt-menge\/#breadcrumb","itemListElement":[{"@type":"ListItem","position":1,"name":"Home","item":"https:\/\/www.neumeyer-abzeichen.de\/blog\/"},{"@type":"ListItem","position":2,"name":"Fanschal selbst gestalten: gestrickt oder bedruckt \u2013 und ab welcher Menge?"}]},{"@type":"WebSite","@id":"https:\/\/www.neumeyer-abzeichen.de\/blog\/#website","url":"https:\/\/www.neumeyer-abzeichen.de\/blog\/","name":"Neumeyer-Abzeichen-Blog","description":"Der Abzeichen- und Fanartikel-Blog","publisher":{"@id":"https:\/\/www.neumeyer-abzeichen.de\/blog\/#organization"},"potentialAction":[{"@type":"SearchAction","target":{"@type":"EntryPoint","urlTemplate":"https:\/\/www.neumeyer-abzeichen.de\/blog\/?s={search_term_string}"},"query-input":{"@type":"PropertyValueSpecification","valueRequired":true,"valueName":"search_term_string"}}],"inLanguage":"de"},{"@type":"Organization","@id":"https:\/\/www.neumeyer-abzeichen.de\/blog\/#organization","name":"Versandhaus Neumeyer-Abzeichen e.K.","url":"https:\/\/www.neumeyer-abzeichen.de\/blog\/","logo":{"@type":"ImageObject","inLanguage":"de","@id":"https:\/\/www.neumeyer-abzeichen.de\/blog\/#\/schema\/logo\/image\/","url":"https:\/\/www.neumeyer-abzeichen.de\/blog\/wp-content\/uploads\/2026\/08\/cropped-logowebsite.png","contentUrl":"https:\/\/www.neumeyer-abzeichen.de\/blog\/wp-content\/uploads\/2026\/08\/cropped-logowebsite.png","width":512,"height":512,"caption":"Versandhaus Neumeyer-Abzeichen e.K."},"image":{"@id":"https:\/\/www.neumeyer-abzeichen.de\/blog\/#\/schema\/logo\/image\/"},"sameAs":["https:\/\/www.facebook.com\/neumeyer.abzeichen","https:\/\/www.instagram.com\/neumeyer.abzeichen\/"]},{"@type":"Person","@id":"https:\/\/www.neumeyer-abzeichen.de\/blog\/#\/schema\/person\/d188a1d576f21b93345907b0d1b9c364","name":"Neumeyer Abzeichen","image":{"@type":"ImageObject","inLanguage":"de","@id":"https:\/\/secure.gravatar.com\/avatar\/38c599b91d2c6cf6955b91ab094c45d12822a567a5a8793864fc6711e652496e?s=96&d=mm&r=g","url":"https:\/\/secure.gravatar.com\/avatar\/38c599b91d2c6cf6955b91ab094c45d12822a567a5a8793864fc6711e652496e?s=96&d=mm&r=g","contentUrl":"https:\/\/secure.gravatar.com\/avatar\/38c599b91d2c6cf6955b91ab094c45d12822a567a5a8793864fc6711e652496e?s=96&d=mm&r=g","caption":"Neumeyer Abzeichen"}}]}},"_links":{"self":[{"href":"https:\/\/www.neumeyer-abzeichen.de\/blog\/wp-json\/wp\/v2\/posts\/3126","targetHints":{"allow":["GET"]}}],"collection":[{"href":"https:\/\/www.neumeyer-abzeichen.de\/blog\/wp-json\/wp\/v2\/posts"}],"about":[{"href":"https:\/\/www.neumeyer-abzeichen.de\/blog\/wp-json\/wp\/v2\/types\/post"}],"author":[{"embeddable":true,"href":"https:\/\/www.neumeyer-abzeichen.de\/blog\/wp-json\/wp\/v2\/users\/2"}],"replies":[{"embeddable":true,"href":"https:\/\/www.neumeyer-abzeichen.de\/blog\/wp-json\/wp\/v2\/comments?post=3126"}],"version-history":[{"count":0,"href":"https:\/\/www.neumeyer-abzeichen.de\/blog\/wp-json\/wp\/v2\/posts\/3126\/revisions"}],"wp:featuredmedia":[{"embeddable":true,"href":"https:\/\/www.neumeyer-abzeichen.de\/blog\/wp-json\/wp\/v2\/media\/3127"}],"wp:attachment":[{"href":"https:\/\/www.neumeyer-abzeichen.de\/blog\/wp-json\/wp\/v2\/media?parent=3126"}],"wp:term":[{"taxonomy":"category","embeddable":true,"href":"https:\/\/www.neumeyer-abzeichen.de\/blog\/wp-json\/wp\/v2\/categories?post=3126"},{"taxonomy":"post_tag","embeddable":true,"href":"https:\/\/www.neumeyer-abzeichen.de\/blog\/wp-json\/wp\/v2\/tags?post=3126"}],"curies":[{"name":"wp","href":"https:\/\/api.w.org\/{rel}","templated":true}]}}