{"id":3124,"date":"2026-08-28T10:05:51","date_gmt":"2026-08-28T08:05:51","guid":{"rendered":"https:\/\/www.neumeyer-abzeichen.de\/blog\/karnevalsorden-gestalten-lassen\/"},"modified":"2026-08-28T10:05:51","modified_gmt":"2026-08-28T08:05:51","slug":"karnevalsorden-gestalten-lassen","status":"publish","type":"post","link":"https:\/\/www.neumeyer-abzeichen.de\/blog\/karnevalsorden-gestalten-lassen\/","title":{"rendered":"Karnevalsorden gestalten lassen: von der Idee zum fertigen Orden"},"content":{"rendered":"<p>Der Orden ist das Einzige, was von einer Session \u00fcbrig bleibt. Das Kost\u00fcm h\u00e4ngt im Schrank, der Wagen wird abgebaut, die Reden sind vergessen \u2013 der Orden liegt in der Vitrine und wird in zwanzig Jahren noch herumgezeigt.<\/p>\n<p>Entsprechend unangenehm ist es, wenn er nicht rechtzeitig fertig wird oder anders aussieht als gedacht. Beides l\u00e4sst sich vermeiden. Dieser Beitrag beschreibt, was zwischen der ersten Idee und dem fertigen Orden passiert \u2013 und wann Sie damit anfangen m\u00fcssen.<\/p>\n<h2>Der Zeitplan: fr\u00fcher, als die meisten denken<\/h2>\n<p>Karnevalsorden sind Metallabzeichen. F\u00fcr die fertigen wir ein eigenes Pr\u00e4gewerkzeug an, und daf\u00fcr nennen wir <strong>rund acht bis zehn Wochen<\/strong> Fertigungszeit. Dazu kommt die Zeit f\u00fcr Entwurf, Angebot und Korrekturabzug.<\/p>\n<p>Rechnen Sie das r\u00fcckw\u00e4rts, dann ergibt sich f\u00fcr eine Session, die am 11.11. beginnt und im Februar ihren H\u00f6hepunkt hat, ein unbequemes Bild: <strong>Wer im Januar anfragt, kommt f\u00fcr dieselbe Session zu sp\u00e4t.<\/strong> Der praktikable Zeitraum liegt zwischen Fr\u00fchsommer und Sp\u00e4tsommer des Vorjahres.<\/p>\n<p>Das hei\u00dft nicht, dass sp\u00e4ter gar nichts mehr geht \u2013 nach Absprache ist manches schneller m\u00f6glich. Aber es hei\u00dft: Nennen Sie Ihren Termin gleich in der ersten Anfrage. Dann sagen wir Ihnen vorher, ob es reicht, statt Sie hinterher zu entt\u00e4uschen.<\/p>\n<h2>Das Motiv: Motto, Verein, Jahreszahl<\/h2>\n<p>Drei Dinge stehen fast immer auf einem Orden: das Sessionsmotto, das Vereinswappen und die Jahreszahl. Aus der Praxis:<\/p>\n<ul>\n<li><strong>Das Motto ist der Star, nicht das Wappen.<\/strong> Wer beides gleich gro\u00df setzt, bekommt einen Orden, auf dem nichts richtig lesbar ist.<\/li>\n<li><strong>Die Jahreszahl entscheidet \u00fcber den Sammlerwert.<\/strong> Ohne sie ist sp\u00e4ter nicht mehr zu erkennen, aus welcher Session der Orden stammt \u2013 und genau das ist der Grund, warum Leute sie sammeln.<\/li>\n<li><strong>Text sparsam einsetzen.<\/strong> Ein Orden ist selten gr\u00f6\u00dfer als eine Handfl\u00e4che. Was auf dem Entwurf am Bildschirm noch \u00fcppig wirkt, wird auf 60 Millimetern schnell zur Fl\u00e4che ohne Kontur.<\/li>\n<\/ul>\n<p>Als Vorlage gen\u00fcgt uns ein Bild oder eine Skizze. Sie m\u00fcssen keinen Grafiker beauftragt haben, bevor Sie mit uns sprechen.<\/p>\n<h2>Die Ausf\u00fchrung: Das Motiv entscheidet, nicht der Geschmack<\/h2>\n<p>Hier liegt der Punkt, an dem sich der Aufwand entscheidet. Wir bieten vier Wege, und welcher passt, h\u00e4ngt vor allem davon ab, wie fein Ihr Motiv ist:<\/p>\n<h3>Gedruckt mit Lack\u00fcberzug<\/h3>\n<p>F\u00fcr <strong>sehr feine Logos und kleine Texte<\/strong>. Der Druck bildet ab, was Pr\u00e4gung und Emaille nicht mehr aufl\u00f6sen k\u00f6nnten. Der Lack sch\u00fctzt die Oberfl\u00e4che.<\/p>\n<h3>Kunstemailliert<\/h3>\n<p>Die klassische Ausf\u00fchrung, wenn das Motiv <strong>weniger Details<\/strong> hat. Die Farbe liegt vertieft, Texte und Zwischenlinien stehen erhaben hervor und sind mit dem Finger f\u00fchlbar. Das ist der typische, wertige Vereinsorden. F\u00fcr mehr Glanz l\u00e4sst sich zus\u00e4tzlich Epoxidharz aufziehen.<\/p>\n<h3>Kaltemailliert<\/h3>\n<p>Die edelste Variante: Die Farbe ist bis zur Oberkante aufgef\u00fcllt, die Oberfl\u00e4che wird poliert und ist v\u00f6llig glatt. Der Nebeneffekt ist praktisch \u2013 auf diese glatte Fl\u00e4che l\u00e4sst sich zus\u00e4tzlich ein <strong>kleiner Text aufdrucken<\/strong>, etwa ein Name oder ein Datum.<\/p>\n<h3>Mit Strasssteinen<\/h3>\n<p>Emaillierte Orden lassen sich mit Stra\u00dfsteinen aufwerten. F\u00fcr Prinzenpaare, Elferrat und alles, was auf der B\u00fchne von hinten noch glitzern soll.<\/p>\n<p>Wenn Sie unsicher sind, welche Variante zu Ihrem Motiv passt: Schicken Sie es uns. Wir pr\u00fcfen das und schlagen etwas vor \u2013 das ist ein Standardteil unseres Angebots und kostet nichts extra.<\/p>\n<h2>Band oder Kordel<\/h2>\n<p>Getragen wird der Orden am Band oder an der Kordel, in einer Farbe passend zum Motiv. Die Wahl ist keine Kleinigkeit, weil sie den Gesamteindruck st\u00e4rker bestimmt, als man denkt:<\/p>\n<ul>\n<li><strong>Breites Halsband, 22 mm<\/strong> \u2013 kr\u00e4ftig, pr\u00e4sent, die \u00fcbliche Wahl f\u00fcr gro\u00dfe Orden<\/li>\n<li><strong>Schmales Halsband, 11 mm<\/strong> \u2013 zur\u00fcckhaltender, passend zu kleineren Orden<\/li>\n<li><strong>Kordel<\/strong> \u2013 80 cm Gesamtl\u00e4nge, davon 40 cm Halsl\u00e4nge, Durchmesser etwa 3,5 bis 4 mm, bereits mit einer Metall\u00f6se verbunden<\/li>\n<\/ul>\n<p>B\u00e4nder und Kordeln sind sofort lieferbar. Sie lassen sich auch getrennt nachbestellen, wenn bei einer Veranstaltung mehr Orden gebraucht werden als geplant.<\/p>\n<h2>Standardorden: wenn es schnell gehen muss<\/h2>\n<p>Nicht jeder Orden muss eine Sonderanfertigung sein. F\u00fcr Gastgeschenke, f\u00fcr den Elferrat oder f\u00fcr kurzfristigen Bedarf gibt es <a href=\"https:\/\/www.neumeyer-abzeichen.de\/karnevalsorden\/karnevalsorden-25mm\/\">Standardorden in 25 mm<\/a> und <a href=\"https:\/\/www.neumeyer-abzeichen.de\/karnevalsorden\/standardorden-50mm\/\">in 50 mm<\/a> sowie <a href=\"https:\/\/www.neumeyer-abzeichen.de\/karnevalsorden\/bildeinlagen\/\">Bildeinlagen<\/a>, mit denen sich ein Standardorden individualisieren l\u00e4sst, ohne ein neues Werkzeug zu bauen.<\/p>\n<p>Das ist der Kompromiss, wenn der Termin f\u00fcr eine echte Sonderanfertigung nicht mehr reicht.<\/p>\n<h2>Der Ablauf<\/h2>\n<ol>\n<li><strong>Anfrage mit Design, Menge, Gr\u00f6\u00dfe<\/strong> und der Angabe, ob Sie Band oder Kordel m\u00f6chten.<\/li>\n<li><strong>Angebot mit Vorschlag zur Ausf\u00fchrung.<\/strong> Wir sagen Ihnen, welche Machart zu Ihrem Motiv passt.<\/li>\n<li><strong>Korrekturabzug.<\/strong> Sie sehen, wie der Orden aussehen wird, und geben frei.<\/li>\n<li><strong>Werkzeugbau und Produktion.<\/strong> Ab hier laufen die acht bis zehn Wochen.<\/li>\n<\/ol>\n<p>Alles Weitere zu den Ausf\u00fchrungen finden Sie unter <a href=\"https:\/\/www.neumeyer-abzeichen.de\/karnevalsorden\/individuelle-karnevalsorden\/\">Individuelle Karnevalsorden<\/a>. Und wenn Sie ohnehin gerade planen: Passende <a href=\"https:\/\/www.neumeyer-abzeichen.de\/fanschals\/selbst-gestalten\/\">Mottoschals<\/a> und <a href=\"https:\/\/www.neumeyer-abzeichen.de\/aufnaeher\/selbst-gestalten\/\">Aufn\u00e4her<\/a> f\u00fcr die Kost\u00fcme lassen sich in einer Anfrage mitbestellen \u2013 das spart Abstimmung und meistens auch Versand.<\/p>\n","protected":false},"excerpt":{"rendered":"<p>Wann Sie anfangen m\u00fcssen, damit der Orden zur Session fertig ist, welche Ausf\u00fchrung zu welchem Motiv passt und warum die Jahreszahl \u00fcber den Sammlerwert entscheidet.<\/p>\n","protected":false},"author":2,"featured_media":3125,"comment_status":"closed","ping_status":"closed","sticky":false,"template":"","format":"standard","meta":{"footnotes":""},"categories":[49],"tags":[],"class_list":["post-3124","post","type-post","status-publish","format-standard","has-post-thumbnail","hentry","category-karneval"],"yoast_head":"<!-- This site is optimized with the Yoast SEO Premium plugin v26.0 (Yoast SEO v28.3) - https:\/\/yoast.com\/product\/yoast-seo-premium-wordpress\/ -->\n<title>Karnevalsorden gestalten lassen \u2013 Ablauf, Ausf\u00fchrungen, Zeitplan - Neumeyer-Abzeichen-Blog<\/title>\n<meta name=\"description\" content=\"Eigene Karnevalsorden gestalten: Zeitplan zur Session, die vier Ausf\u00fchrungen im Vergleich, Band oder Kordel und der komplette Ablauf bis zum fertigen Orden.\" \/>\n<meta name=\"robots\" content=\"index, follow, max-snippet:-1, max-image-preview:large, max-video-preview:-1\" \/>\n<link rel=\"canonical\" href=\"https:\/\/www.neumeyer-abzeichen.de\/blog\/karnevalsorden-gestalten-lassen\/\" \/>\n<meta property=\"og:locale\" content=\"de_DE\" \/>\n<meta property=\"og:type\" content=\"article\" \/>\n<meta property=\"og:title\" content=\"Karnevalsorden gestalten lassen: von der Idee zum fertigen Orden\" \/>\n<meta property=\"og:description\" content=\"Eigene Karnevalsorden gestalten: Zeitplan zur Session, die vier Ausf\u00fchrungen im Vergleich, Band oder Kordel und der komplette Ablauf bis zum fertigen Orden.\" \/>\n<meta property=\"og:url\" content=\"https:\/\/www.neumeyer-abzeichen.de\/blog\/karnevalsorden-gestalten-lassen\/\" \/>\n<meta property=\"og:site_name\" content=\"Neumeyer-Abzeichen-Blog\" \/>\n<meta property=\"article:publisher\" content=\"https:\/\/www.facebook.com\/neumeyer.abzeichen\" \/>\n<meta property=\"article:published_time\" content=\"2026-08-28T08:05:51+00:00\" \/>\n<meta property=\"og:image\" content=\"https:\/\/www.neumeyer-abzeichen.de\/blog\/wp-content\/uploads\/2026\/08\/karnevalsorden-bild01.jpg\" \/>\n\t<meta property=\"og:image:width\" content=\"800\" \/>\n\t<meta property=\"og:image:height\" content=\"819\" \/>\n\t<meta property=\"og:image:type\" content=\"image\/jpeg\" \/>\n<meta name=\"author\" content=\"Neumeyer Abzeichen\" \/>\n<meta name=\"twitter:label1\" content=\"Verfasst von\" \/>\n\t<meta name=\"twitter:data1\" content=\"Neumeyer Abzeichen\" \/>\n\t<meta name=\"twitter:label2\" content=\"Gesch\u00e4tzte Lesezeit\" \/>\n\t<meta name=\"twitter:data2\" content=\"4\u00a0Minuten\" \/>\n<script type=\"application\/ld+json\" class=\"yoast-schema-graph\">{\"@context\":\"https:\\\/\\\/schema.org\",\"@graph\":[{\"@type\":\"Article\",\"@id\":\"https:\\\/\\\/www.neumeyer-abzeichen.de\\\/blog\\\/karnevalsorden-gestalten-lassen\\\/#article\",\"isPartOf\":{\"@id\":\"https:\\\/\\\/www.neumeyer-abzeichen.de\\\/blog\\\/karnevalsorden-gestalten-lassen\\\/\"},\"author\":{\"name\":\"Neumeyer Abzeichen\",\"@id\":\"https:\\\/\\\/www.neumeyer-abzeichen.de\\\/blog\\\/#\\\/schema\\\/person\\\/d188a1d576f21b93345907b0d1b9c364\"},\"headline\":\"Karnevalsorden gestalten lassen: von der Idee zum fertigen Orden\",\"datePublished\":\"2026-08-28T08:05:51+00:00\",\"mainEntityOfPage\":{\"@id\":\"https:\\\/\\\/www.neumeyer-abzeichen.de\\\/blog\\\/karnevalsorden-gestalten-lassen\\\/\"},\"wordCount\":832,\"publisher\":{\"@id\":\"https:\\\/\\\/www.neumeyer-abzeichen.de\\\/blog\\\/#organization\"},\"image\":{\"@id\":\"https:\\\/\\\/www.neumeyer-abzeichen.de\\\/blog\\\/karnevalsorden-gestalten-lassen\\\/#primaryimage\"},\"thumbnailUrl\":\"https:\\\/\\\/www.neumeyer-abzeichen.de\\\/blog\\\/wp-content\\\/uploads\\\/2026\\\/08\\\/karnevalsorden-bild01.jpg\",\"articleSection\":[\"Karneval\"],\"inLanguage\":\"de\"},{\"@type\":\"WebPage\",\"@id\":\"https:\\\/\\\/www.neumeyer-abzeichen.de\\\/blog\\\/karnevalsorden-gestalten-lassen\\\/\",\"url\":\"https:\\\/\\\/www.neumeyer-abzeichen.de\\\/blog\\\/karnevalsorden-gestalten-lassen\\\/\",\"name\":\"Karnevalsorden gestalten lassen \u2013 Ablauf, Ausf\u00fchrungen, Zeitplan - Neumeyer-Abzeichen-Blog\",\"isPartOf\":{\"@id\":\"https:\\\/\\\/www.neumeyer-abzeichen.de\\\/blog\\\/#website\"},\"primaryImageOfPage\":{\"@id\":\"https:\\\/\\\/www.neumeyer-abzeichen.de\\\/blog\\\/karnevalsorden-gestalten-lassen\\\/#primaryimage\"},\"image\":{\"@id\":\"https:\\\/\\\/www.neumeyer-abzeichen.de\\\/blog\\\/karnevalsorden-gestalten-lassen\\\/#primaryimage\"},\"thumbnailUrl\":\"https:\\\/\\\/www.neumeyer-abzeichen.de\\\/blog\\\/wp-content\\\/uploads\\\/2026\\\/08\\\/karnevalsorden-bild01.jpg\",\"datePublished\":\"2026-08-28T08:05:51+00:00\",\"description\":\"Eigene Karnevalsorden gestalten: Zeitplan zur Session, die vier Ausf\u00fchrungen im Vergleich, Band oder Kordel und der komplette Ablauf bis zum fertigen Orden.\",\"breadcrumb\":{\"@id\":\"https:\\\/\\\/www.neumeyer-abzeichen.de\\\/blog\\\/karnevalsorden-gestalten-lassen\\\/#breadcrumb\"},\"inLanguage\":\"de\",\"potentialAction\":[{\"@type\":\"ReadAction\",\"target\":[\"https:\\\/\\\/www.neumeyer-abzeichen.de\\\/blog\\\/karnevalsorden-gestalten-lassen\\\/\"]}]},{\"@type\":\"ImageObject\",\"inLanguage\":\"de\",\"@id\":\"https:\\\/\\\/www.neumeyer-abzeichen.de\\\/blog\\\/karnevalsorden-gestalten-lassen\\\/#primaryimage\",\"url\":\"https:\\\/\\\/www.neumeyer-abzeichen.de\\\/blog\\\/wp-content\\\/uploads\\\/2026\\\/08\\\/karnevalsorden-bild01.jpg\",\"contentUrl\":\"https:\\\/\\\/www.neumeyer-abzeichen.de\\\/blog\\\/wp-content\\\/uploads\\\/2026\\\/08\\\/karnevalsorden-bild01.jpg\",\"width\":800,\"height\":819,\"caption\":\"Individuell gefertigter Karnevalsorden mit Kordel\"},{\"@type\":\"BreadcrumbList\",\"@id\":\"https:\\\/\\\/www.neumeyer-abzeichen.de\\\/blog\\\/karnevalsorden-gestalten-lassen\\\/#breadcrumb\",\"itemListElement\":[{\"@type\":\"ListItem\",\"position\":1,\"name\":\"Home\",\"item\":\"https:\\\/\\\/www.neumeyer-abzeichen.de\\\/blog\\\/\"},{\"@type\":\"ListItem\",\"position\":2,\"name\":\"Karnevalsorden gestalten lassen: von der Idee zum fertigen Orden\"}]},{\"@type\":\"WebSite\",\"@id\":\"https:\\\/\\\/www.neumeyer-abzeichen.de\\\/blog\\\/#website\",\"url\":\"https:\\\/\\\/www.neumeyer-abzeichen.de\\\/blog\\\/\",\"name\":\"Neumeyer-Abzeichen-Blog\",\"description\":\"Der Abzeichen- und Fanartikel-Blog\",\"publisher\":{\"@id\":\"https:\\\/\\\/www.neumeyer-abzeichen.de\\\/blog\\\/#organization\"},\"potentialAction\":[{\"@type\":\"SearchAction\",\"target\":{\"@type\":\"EntryPoint\",\"urlTemplate\":\"https:\\\/\\\/www.neumeyer-abzeichen.de\\\/blog\\\/?s={search_term_string}\"},\"query-input\":{\"@type\":\"PropertyValueSpecification\",\"valueRequired\":true,\"valueName\":\"search_term_string\"}}],\"inLanguage\":\"de\"},{\"@type\":\"Organization\",\"@id\":\"https:\\\/\\\/www.neumeyer-abzeichen.de\\\/blog\\\/#organization\",\"name\":\"Versandhaus Neumeyer-Abzeichen e.K.\",\"url\":\"https:\\\/\\\/www.neumeyer-abzeichen.de\\\/blog\\\/\",\"logo\":{\"@type\":\"ImageObject\",\"inLanguage\":\"de\",\"@id\":\"https:\\\/\\\/www.neumeyer-abzeichen.de\\\/blog\\\/#\\\/schema\\\/logo\\\/image\\\/\",\"url\":\"https:\\\/\\\/www.neumeyer-abzeichen.de\\\/blog\\\/wp-content\\\/uploads\\\/2026\\\/08\\\/cropped-logowebsite.png\",\"contentUrl\":\"https:\\\/\\\/www.neumeyer-abzeichen.de\\\/blog\\\/wp-content\\\/uploads\\\/2026\\\/08\\\/cropped-logowebsite.png\",\"width\":512,\"height\":512,\"caption\":\"Versandhaus Neumeyer-Abzeichen e.K.\"},\"image\":{\"@id\":\"https:\\\/\\\/www.neumeyer-abzeichen.de\\\/blog\\\/#\\\/schema\\\/logo\\\/image\\\/\"},\"sameAs\":[\"https:\\\/\\\/www.facebook.com\\\/neumeyer.abzeichen\",\"https:\\\/\\\/www.instagram.com\\\/neumeyer.abzeichen\\\/\"]},{\"@type\":\"Person\",\"@id\":\"https:\\\/\\\/www.neumeyer-abzeichen.de\\\/blog\\\/#\\\/schema\\\/person\\\/d188a1d576f21b93345907b0d1b9c364\",\"name\":\"Neumeyer Abzeichen\",\"image\":{\"@type\":\"ImageObject\",\"inLanguage\":\"de\",\"@id\":\"https:\\\/\\\/secure.gravatar.com\\\/avatar\\\/38c599b91d2c6cf6955b91ab094c45d12822a567a5a8793864fc6711e652496e?s=96&d=mm&r=g\",\"url\":\"https:\\\/\\\/secure.gravatar.com\\\/avatar\\\/38c599b91d2c6cf6955b91ab094c45d12822a567a5a8793864fc6711e652496e?s=96&d=mm&r=g\",\"contentUrl\":\"https:\\\/\\\/secure.gravatar.com\\\/avatar\\\/38c599b91d2c6cf6955b91ab094c45d12822a567a5a8793864fc6711e652496e?s=96&d=mm&r=g\",\"caption\":\"Neumeyer Abzeichen\"}}]}<\/script>\n<!-- \/ Yoast SEO Premium plugin. -->","yoast_head_json":{"title":"Karnevalsorden gestalten lassen \u2013 Ablauf, Ausf\u00fchrungen, Zeitplan - Neumeyer-Abzeichen-Blog","description":"Eigene Karnevalsorden gestalten: Zeitplan zur Session, die vier Ausf\u00fchrungen im Vergleich, Band oder Kordel und der komplette Ablauf bis zum fertigen Orden.","robots":{"index":"index","follow":"follow","max-snippet":"max-snippet:-1","max-image-preview":"max-image-preview:large","max-video-preview":"max-video-preview:-1"},"canonical":"https:\/\/www.neumeyer-abzeichen.de\/blog\/karnevalsorden-gestalten-lassen\/","og_locale":"de_DE","og_type":"article","og_title":"Karnevalsorden gestalten lassen: von der Idee zum fertigen Orden","og_description":"Eigene Karnevalsorden gestalten: Zeitplan zur Session, die vier Ausf\u00fchrungen im Vergleich, Band oder Kordel und der komplette Ablauf bis zum fertigen Orden.","og_url":"https:\/\/www.neumeyer-abzeichen.de\/blog\/karnevalsorden-gestalten-lassen\/","og_site_name":"Neumeyer-Abzeichen-Blog","article_publisher":"https:\/\/www.facebook.com\/neumeyer.abzeichen","article_published_time":"2026-08-28T08:05:51+00:00","og_image":[{"width":800,"height":819,"url":"https:\/\/www.neumeyer-abzeichen.de\/blog\/wp-content\/uploads\/2026\/08\/karnevalsorden-bild01.jpg","type":"image\/jpeg"}],"author":"Neumeyer Abzeichen","twitter_misc":{"Verfasst von":"Neumeyer Abzeichen","Gesch\u00e4tzte Lesezeit":"4\u00a0Minuten"},"schema":{"@context":"https:\/\/schema.org","@graph":[{"@type":"Article","@id":"https:\/\/www.neumeyer-abzeichen.de\/blog\/karnevalsorden-gestalten-lassen\/#article","isPartOf":{"@id":"https:\/\/www.neumeyer-abzeichen.de\/blog\/karnevalsorden-gestalten-lassen\/"},"author":{"name":"Neumeyer Abzeichen","@id":"https:\/\/www.neumeyer-abzeichen.de\/blog\/#\/schema\/person\/d188a1d576f21b93345907b0d1b9c364"},"headline":"Karnevalsorden gestalten lassen: von der Idee zum fertigen Orden","datePublished":"2026-08-28T08:05:51+00:00","mainEntityOfPage":{"@id":"https:\/\/www.neumeyer-abzeichen.de\/blog\/karnevalsorden-gestalten-lassen\/"},"wordCount":832,"publisher":{"@id":"https:\/\/www.neumeyer-abzeichen.de\/blog\/#organization"},"image":{"@id":"https:\/\/www.neumeyer-abzeichen.de\/blog\/karnevalsorden-gestalten-lassen\/#primaryimage"},"thumbnailUrl":"https:\/\/www.neumeyer-abzeichen.de\/blog\/wp-content\/uploads\/2026\/08\/karnevalsorden-bild01.jpg","articleSection":["Karneval"],"inLanguage":"de"},{"@type":"WebPage","@id":"https:\/\/www.neumeyer-abzeichen.de\/blog\/karnevalsorden-gestalten-lassen\/","url":"https:\/\/www.neumeyer-abzeichen.de\/blog\/karnevalsorden-gestalten-lassen\/","name":"Karnevalsorden gestalten lassen \u2013 Ablauf, Ausf\u00fchrungen, Zeitplan - Neumeyer-Abzeichen-Blog","isPartOf":{"@id":"https:\/\/www.neumeyer-abzeichen.de\/blog\/#website"},"primaryImageOfPage":{"@id":"https:\/\/www.neumeyer-abzeichen.de\/blog\/karnevalsorden-gestalten-lassen\/#primaryimage"},"image":{"@id":"https:\/\/www.neumeyer-abzeichen.de\/blog\/karnevalsorden-gestalten-lassen\/#primaryimage"},"thumbnailUrl":"https:\/\/www.neumeyer-abzeichen.de\/blog\/wp-content\/uploads\/2026\/08\/karnevalsorden-bild01.jpg","datePublished":"2026-08-28T08:05:51+00:00","description":"Eigene Karnevalsorden gestalten: Zeitplan zur Session, die vier Ausf\u00fchrungen im Vergleich, Band oder Kordel und der komplette Ablauf bis zum fertigen Orden.","breadcrumb":{"@id":"https:\/\/www.neumeyer-abzeichen.de\/blog\/karnevalsorden-gestalten-lassen\/#breadcrumb"},"inLanguage":"de","potentialAction":[{"@type":"ReadAction","target":["https:\/\/www.neumeyer-abzeichen.de\/blog\/karnevalsorden-gestalten-lassen\/"]}]},{"@type":"ImageObject","inLanguage":"de","@id":"https:\/\/www.neumeyer-abzeichen.de\/blog\/karnevalsorden-gestalten-lassen\/#primaryimage","url":"https:\/\/www.neumeyer-abzeichen.de\/blog\/wp-content\/uploads\/2026\/08\/karnevalsorden-bild01.jpg","contentUrl":"https:\/\/www.neumeyer-abzeichen.de\/blog\/wp-content\/uploads\/2026\/08\/karnevalsorden-bild01.jpg","width":800,"height":819,"caption":"Individuell gefertigter Karnevalsorden mit Kordel"},{"@type":"BreadcrumbList","@id":"https:\/\/www.neumeyer-abzeichen.de\/blog\/karnevalsorden-gestalten-lassen\/#breadcrumb","itemListElement":[{"@type":"ListItem","position":1,"name":"Home","item":"https:\/\/www.neumeyer-abzeichen.de\/blog\/"},{"@type":"ListItem","position":2,"name":"Karnevalsorden gestalten lassen: von der Idee zum fertigen Orden"}]},{"@type":"WebSite","@id":"https:\/\/www.neumeyer-abzeichen.de\/blog\/#website","url":"https:\/\/www.neumeyer-abzeichen.de\/blog\/","name":"Neumeyer-Abzeichen-Blog","description":"Der Abzeichen- und Fanartikel-Blog","publisher":{"@id":"https:\/\/www.neumeyer-abzeichen.de\/blog\/#organization"},"potentialAction":[{"@type":"SearchAction","target":{"@type":"EntryPoint","urlTemplate":"https:\/\/www.neumeyer-abzeichen.de\/blog\/?s={search_term_string}"},"query-input":{"@type":"PropertyValueSpecification","valueRequired":true,"valueName":"search_term_string"}}],"inLanguage":"de"},{"@type":"Organization","@id":"https:\/\/www.neumeyer-abzeichen.de\/blog\/#organization","name":"Versandhaus Neumeyer-Abzeichen e.K.","url":"https:\/\/www.neumeyer-abzeichen.de\/blog\/","logo":{"@type":"ImageObject","inLanguage":"de","@id":"https:\/\/www.neumeyer-abzeichen.de\/blog\/#\/schema\/logo\/image\/","url":"https:\/\/www.neumeyer-abzeichen.de\/blog\/wp-content\/uploads\/2026\/08\/cropped-logowebsite.png","contentUrl":"https:\/\/www.neumeyer-abzeichen.de\/blog\/wp-content\/uploads\/2026\/08\/cropped-logowebsite.png","width":512,"height":512,"caption":"Versandhaus Neumeyer-Abzeichen e.K."},"image":{"@id":"https:\/\/www.neumeyer-abzeichen.de\/blog\/#\/schema\/logo\/image\/"},"sameAs":["https:\/\/www.facebook.com\/neumeyer.abzeichen","https:\/\/www.instagram.com\/neumeyer.abzeichen\/"]},{"@type":"Person","@id":"https:\/\/www.neumeyer-abzeichen.de\/blog\/#\/schema\/person\/d188a1d576f21b93345907b0d1b9c364","name":"Neumeyer Abzeichen","image":{"@type":"ImageObject","inLanguage":"de","@id":"https:\/\/secure.gravatar.com\/avatar\/38c599b91d2c6cf6955b91ab094c45d12822a567a5a8793864fc6711e652496e?s=96&d=mm&r=g","url":"https:\/\/secure.gravatar.com\/avatar\/38c599b91d2c6cf6955b91ab094c45d12822a567a5a8793864fc6711e652496e?s=96&d=mm&r=g","contentUrl":"https:\/\/secure.gravatar.com\/avatar\/38c599b91d2c6cf6955b91ab094c45d12822a567a5a8793864fc6711e652496e?s=96&d=mm&r=g","caption":"Neumeyer Abzeichen"}}]}},"_links":{"self":[{"href":"https:\/\/www.neumeyer-abzeichen.de\/blog\/wp-json\/wp\/v2\/posts\/3124","targetHints":{"allow":["GET"]}}],"collection":[{"href":"https:\/\/www.neumeyer-abzeichen.de\/blog\/wp-json\/wp\/v2\/posts"}],"about":[{"href":"https:\/\/www.neumeyer-abzeichen.de\/blog\/wp-json\/wp\/v2\/types\/post"}],"author":[{"embeddable":true,"href":"https:\/\/www.neumeyer-abzeichen.de\/blog\/wp-json\/wp\/v2\/users\/2"}],"replies":[{"embeddable":true,"href":"https:\/\/www.neumeyer-abzeichen.de\/blog\/wp-json\/wp\/v2\/comments?post=3124"}],"version-history":[{"count":0,"href":"https:\/\/www.neumeyer-abzeichen.de\/blog\/wp-json\/wp\/v2\/posts\/3124\/revisions"}],"wp:featuredmedia":[{"embeddable":true,"href":"https:\/\/www.neumeyer-abzeichen.de\/blog\/wp-json\/wp\/v2\/media\/3125"}],"wp:attachment":[{"href":"https:\/\/www.neumeyer-abzeichen.de\/blog\/wp-json\/wp\/v2\/media?parent=3124"}],"wp:term":[{"taxonomy":"category","embeddable":true,"href":"https:\/\/www.neumeyer-abzeichen.de\/blog\/wp-json\/wp\/v2\/categories?post=3124"},{"taxonomy":"post_tag","embeddable":true,"href":"https:\/\/www.neumeyer-abzeichen.de\/blog\/wp-json\/wp\/v2\/tags?post=3124"}],"curies":[{"name":"wp","href":"https:\/\/api.w.org\/{rel}","templated":true}]}}