{"id":2465,"date":"2022-12-07T09:02:09","date_gmt":"2022-12-07T07:02:09","guid":{"rendered":"https:\/\/www.neumeyer-abzeichen.de\/blog\/?p=2465"},"modified":"2022-12-07T09:02:09","modified_gmt":"2022-12-07T07:02:09","slug":"jahresrueckblick-2022-eigentlich-wollten-wir-nur-das-ende-der-pandemie","status":"publish","type":"post","link":"https:\/\/www.neumeyer-abzeichen.de\/blog\/jahresrueckblick-2022-eigentlich-wollten-wir-nur-das-ende-der-pandemie\/","title":{"rendered":"Jahresr\u00fcckblick 2022: Eigentlich wollten wir doch nur das Ende der Pandemie \u2026"},"content":{"rendered":"<p><a href=\"https:\/\/www.neumeyer-abzeichen.de\/blog\/wp-content\/uploads\/2022\/12\/weihnachten-2022.jpg\"><img decoding=\"async\" class=\"alignleft size-medium wp-image-2467\" src=\"https:\/\/www.neumeyer-abzeichen.de\/blog\/wp-content\/uploads\/2022\/12\/weihnachten-2022-300x130.jpg\" alt=\"Weihnachten 2022\" width=\"300\" height=\"130\" srcset=\"https:\/\/www.neumeyer-abzeichen.de\/blog\/wp-content\/uploads\/2022\/12\/weihnachten-2022-300x130.jpg 300w, https:\/\/www.neumeyer-abzeichen.de\/blog\/wp-content\/uploads\/2022\/12\/weihnachten-2022-768x332.jpg 768w, https:\/\/www.neumeyer-abzeichen.de\/blog\/wp-content\/uploads\/2022\/12\/weihnachten-2022.jpg 800w\" sizes=\"(max-width: 300px) 100vw, 300px\" \/><\/a>Leider k\u00f6nnen wir den Eingangssatz unseres <a href=\"https:\/\/www.neumeyer-abzeichen.de\/blog\/jahresrueckblick-2021-pandemie-deja-vu\/\">Jahresr\u00fcckblicks von 2021<\/a> wiederholen: Schauen wir die letzten 12 Monate zur\u00fcck, nehmen <strong>die schwierigen Themen kein Ende<\/strong>, im Gegenteil. Zwar ist Corona 2022 nicht mehr das beherrschende Thema, daf\u00fcr stehen jetzt andere Krisen an der Tagesordnung, Stichwort: <strong>Ukraine, Energiekrise, Inflation<\/strong>.<\/p>\n<p>So war das nicht geplant \u2013 eigentlich wollten wir doch nur das Ende der Pandemie. <strong>Aber den Kopf h\u00e4ngen zu lassen, hat noch kein Problem gel\u00f6st<\/strong>. Auch wenn die weltpolitische Lage schwieriger denn je erscheint.<\/p>\n<h2 aria-level=\"2\">Weniger Pandemie, mehr Normal<\/h2>\n<p>Wirklich an der Tagesordnung ist Corona nun nicht mehr, sieht man mal von der Maskenpflicht im \u00d6ffentlichen Nahverkehr sowie in Einrichtungen wie z.B. Krankenh\u00e4usern, Arztpraxen oder Pflegeeinrichtungen ab. F\u00fcr die meisten Menschen hat sich der <strong>Alltag allerdings weitgehend normalisiert<\/strong> \u2013 f\u00fcr viele mit dem Homeoffice als dauerhafte L\u00f6sung oder zumindest als h\u00e4ufig genutzte Alternative zur Anwesenheit im B\u00fcro.<\/p>\n<p>Dass vieles wieder seine gewohnten Bahnen geht, wird nat\u00fcrlich auch an der <strong>diesj\u00e4hrigen Adventszeit <\/strong>sichtbar. Nach zwei Jahren Zwangspause haben nun endlich wieder <strong>deutschlandweit alle Weihnachtsm\u00e4rkte ge\u00f6ffnet<\/strong> \u2013 endlich wieder diese wohlvertraute Mischung aus Gl\u00fchwein, gebrannten N\u00fcssen, Bratwurst und vielen weiteren leckeren D\u00fcften, verbunden mit weihnachtlicher Dekoration und zauberhafter Beleuchtung.<\/p>\n<p>Wirklich weg vom Tisch ist das Virus nat\u00fcrlich nicht und es wird sich wohl auch dauerhaft bei uns einnisten. Aber die schon im letzten Beitrag angesprochene <strong>&#8222;Virus-Normalit\u00e4t&#8220; hat sich weiter etabliert <\/strong>und wir haben gelernt, damit umzugehen.<\/p>\n<h2 aria-level=\"2\">Was gab\u2018s 2022, was gibt\u2019s 2023 im Blog vom Versandhaus Neumeyer-Abzeichen?<\/h2>\n<p>Als wir Anfang Oktober unseren Beitrag zu <a href=\"https:\/\/www.neumeyer-abzeichen.de\/blog\/8-kuriose-weihnachtstraditionen-pudding-orakel-bis-zum-ganz-grossen-wurf\/\">kuriosen Weihnachtstraditionen<\/a> ver\u00f6ffentlicht haben, schien die Adventszeit noch in weiter Ferne. Und nun stehen wir schon kurz vor dem dritten Advent. Sie geht eben immer wieder rasend schnell vorbei \u2013 diese Zeit der pr\u00e4chtigen Herbstf\u00e4rbung bis Weihnachten.<\/p>\n<p>Aber das vergangene Jahr hatte beim Blog vom <a href=\"https:\/\/www.neumeyer-abzeichen.de\/\">Versandhaus Neumeyer-Abzeichen<\/a> nat\u00fcrlich noch viel mehr als nur Weihnachtstraditionen aus aller Welt zu bieten. So haben wir uns bspw. mit der Frage besch\u00e4ftigt, welchen <a href=\"https:\/\/www.neumeyer-abzeichen.de\/blog\/ursprung-karnevalstradition-dreigestirn\/\">Ursprung das Dreigestirn<\/a> hat, haben Tipps gegeben, wie Sie mit <a href=\"https:\/\/www.neumeyer-abzeichen.de\/blog\/15-tipps-werbefahnen-maximale-werbewirkung\/\">Fahnen maximale Werbewirkung<\/a> erzielen, haben uns der Problematik <a href=\"https:\/\/www.neumeyer-abzeichen.de\/blog\/kinderschwimmkurs-oder-kind-selbst-schwimmen-beibringen\/\">Schwimmkurs f\u00fcr Kinder vs. Kindern schwimmen selbst beibringen<\/a> gewidmet und gezeigt, warum eine <a href=\"https:\/\/www.neumeyer-abzeichen.de\/blog\/verein-digital-vereinswebsite-oder-facebookseite\/\">Website f\u00fcr Vereine ein Muss ist und die Facebook-Seite lediglich eine gute Erg\u00e4nzung zur Vereinswebsite ist<\/a>.<\/p>\n<p>Und da wir immer optimistisch ins neue Jahr blicken, haben wir auch schon eine ganze Reihe neuer Themen f\u00fcr 2023 auf dem Plan. Wir werden unter anderem unsere <strong>Artikelserie zum Einblick in die Stick-Technik<\/strong> fortsetzen (diesmal dreht sich alles um Laserschnitt und Kettelrand), werden herausfinden, warum <strong>Eier gerade an Ostern Hochkonjunktur <\/strong>haben, werden <strong>Fu\u00dfballvereinsnamen<\/strong> wie Eintracht, Fortuna oder Viktoria unter die Lupe nehmen und den <strong>Tag des Bieres<\/strong> w\u00fcrdigen \u2013 nat\u00fcrlich aus Vereinssicht.<\/p>\n<h2 aria-level=\"2\">Mit viel Optimismus ins Jahr 2023<\/h2>\n<p>Was bleibt einem auch anderes \u00fcbrig? Man kann ja schon froh sein, wenn es die schlechten Nachrichten von 2022 nicht \u00fcbertrifft. Hinter uns liegen <strong>12 oft anstrengende Monate, die von vielen Krisen beherrscht waren<\/strong>, die nat\u00fcrlich nicht einfach zum Jahresende vorbei sind und unter die man nicht einfach mit dem 31. Dezember einen Schlussstrich ziehen kann.<\/p>\n<p>Dennoch m\u00f6chten wir gemeinsam mit Ihnen <strong>mit einem gesunden Optimismus das Jahr 2023<\/strong> angehen. Wir w\u00fcnschen Ihnen, Ihren Familien, Mitarbeitern und Vereinsmitgliedern eine besinnliche Adventszeit, erholsame Feiertage und ein erfolgreiches neues Jahr!<\/p>\n<p><a href=\"https:\/\/www.neumeyer-abzeichen.de\/blog\/wp-content\/uploads\/2022\/12\/winterlandschaft.jpg\"><img fetchpriority=\"high\" decoding=\"async\" class=\"aligncenter wp-image-2468\" src=\"https:\/\/www.neumeyer-abzeichen.de\/blog\/wp-content\/uploads\/2022\/12\/winterlandschaft-300x103.jpg\" alt=\"Winterlandschaft\" width=\"578\" height=\"198\" srcset=\"https:\/\/www.neumeyer-abzeichen.de\/blog\/wp-content\/uploads\/2022\/12\/winterlandschaft-300x103.jpg 300w, https:\/\/www.neumeyer-abzeichen.de\/blog\/wp-content\/uploads\/2022\/12\/winterlandschaft-768x264.jpg 768w, https:\/\/www.neumeyer-abzeichen.de\/blog\/wp-content\/uploads\/2022\/12\/winterlandschaft.jpg 1023w\" sizes=\"(max-width: 578px) 100vw, 578px\" \/><\/a><\/p>\n<p>&nbsp;<\/p>\n<p aria-level=\"4\"><em><strong>Bildnachweis:\u00a0<\/strong><\/em><\/p>\n<p aria-level=\"4\">\u00a9 <a href=\"https:\/\/stock.adobe.com\/de\/images\/winter-landscape-with-snowing-with-people-having-fun-doing-outdoor-activities-on-new-year-vector-city-landscape-on-christmas-holidays-with-people-celebration-kid-playing-ice-skates-teenagers-skiing\/417656104?asset_id=417656104\">Anchalee<\/a> \u2013 stock.adobe.com<\/p>\n<p aria-level=\"4\">\u00a9 <a href=\"https:\/\/stock.adobe.com\/de\/images\/beautiful-christmas-wreath-in-the-shape-of-2022-with-transparent-background-3d-rendering\/544229836?asset_id=544229836\">A<\/a> \u2013 stock.adobe.com<\/p>\n<p><span data-ccp-props=\"{}\">\u00a0<\/span><\/p>\n","protected":false},"excerpt":{"rendered":"<p>Leider k\u00f6nnen wir den Eingangssatz unseres Jahresr\u00fcckblicks von 2021 wiederholen: Schauen wir die letzten 12 Monate zur\u00fcck, nehmen die schwierigen Themen kein Ende, im Gegenteil. Zwar ist Corona 2022 nicht mehr das beherrschende Thema, daf\u00fcr stehen jetzt andere Krisen an der Tagesordnung, Stichwort: Ukraine, Energiekrise, Inflation. So war das nicht geplant \u2013 eigentlich wollten wir [&hellip;]<\/p>\n","protected":false},"author":1,"featured_media":2467,"comment_status":"open","ping_status":"open","sticky":false,"template":"","format":"standard","meta":{"footnotes":""},"categories":[1],"tags":[164,122],"class_list":["post-2465","post","type-post","status-publish","format-standard","has-post-thumbnail","hentry","category-allgemein","tag-jahresrueckblick","tag-weihnachten"],"yoast_head":"<!-- This site is optimized with the Yoast SEO Premium plugin v26.0 (Yoast SEO v27.5) - https:\/\/yoast.com\/product\/yoast-seo-premium-wordpress\/ -->\n<title>Jahresr\u00fcckblick 2022\/Ausblick 2023 von Neumeyer-Abzeichen<\/title>\n<meta name=\"description\" content=\"2022 und 2023: Ein kleiner R\u00fcckblick und Ausblick. Versandhaus Neumeyer-Abzeichen e.K. Blog\" \/>\n<meta name=\"robots\" content=\"index, follow, max-snippet:-1, max-image-preview:large, max-video-preview:-1\" \/>\n<link rel=\"canonical\" href=\"https:\/\/www.neumeyer-abzeichen.de\/blog\/jahresrueckblick-2022-eigentlich-wollten-wir-nur-das-ende-der-pandemie\/\" \/>\n<meta property=\"og:locale\" content=\"de_DE\" \/>\n<meta property=\"og:type\" content=\"article\" \/>\n<meta property=\"og:title\" content=\"Jahresr\u00fcckblick 2022: Eigentlich wollten wir doch nur das Ende der Pandemie \u2026\" \/>\n<meta property=\"og:description\" content=\"2022 und 2023: Ein kleiner R\u00fcckblick und Ausblick. Versandhaus Neumeyer-Abzeichen e.K. Blog\" \/>\n<meta property=\"og:url\" content=\"https:\/\/www.neumeyer-abzeichen.de\/blog\/jahresrueckblick-2022-eigentlich-wollten-wir-nur-das-ende-der-pandemie\/\" \/>\n<meta property=\"og:site_name\" content=\"Neumeyer-Abzeichen-Blog\" \/>\n<meta property=\"article:published_time\" content=\"2022-12-07T07:02:09+00:00\" \/>\n<meta property=\"og:image\" content=\"https:\/\/www.neumeyer-abzeichen.de\/blog\/wp-content\/uploads\/2022\/12\/weihnachten-2022.jpg\" \/>\n\t<meta property=\"og:image:width\" content=\"800\" \/>\n\t<meta property=\"og:image:height\" content=\"346\" \/>\n\t<meta property=\"og:image:type\" content=\"image\/jpeg\" \/>\n<meta name=\"author\" content=\"Tom\" \/>\n<meta name=\"twitter:label1\" content=\"Verfasst von\" \/>\n\t<meta name=\"twitter:data1\" content=\"Tom\" \/>\n\t<meta name=\"twitter:label2\" content=\"Gesch\u00e4tzte Lesezeit\" \/>\n\t<meta name=\"twitter:data2\" content=\"4\u00a0Minuten\" \/>\n<script type=\"application\/ld+json\" class=\"yoast-schema-graph\">{\"@context\":\"https:\\\/\\\/schema.org\",\"@graph\":[{\"@type\":\"Article\",\"@id\":\"https:\\\/\\\/www.neumeyer-abzeichen.de\\\/blog\\\/jahresrueckblick-2022-eigentlich-wollten-wir-nur-das-ende-der-pandemie\\\/#article\",\"isPartOf\":{\"@id\":\"https:\\\/\\\/www.neumeyer-abzeichen.de\\\/blog\\\/jahresrueckblick-2022-eigentlich-wollten-wir-nur-das-ende-der-pandemie\\\/\"},\"author\":{\"name\":\"Tom\",\"@id\":\"https:\\\/\\\/www.neumeyer-abzeichen.de\\\/blog\\\/#\\\/schema\\\/person\\\/eb9c2e569f3a2d01bc40b86b6af1be13\"},\"headline\":\"Jahresr\u00fcckblick 2022: Eigentlich wollten wir doch nur das Ende der Pandemie \u2026\",\"datePublished\":\"2022-12-07T07:02:09+00:00\",\"mainEntityOfPage\":{\"@id\":\"https:\\\/\\\/www.neumeyer-abzeichen.de\\\/blog\\\/jahresrueckblick-2022-eigentlich-wollten-wir-nur-das-ende-der-pandemie\\\/\"},\"wordCount\":575,\"commentCount\":0,\"image\":{\"@id\":\"https:\\\/\\\/www.neumeyer-abzeichen.de\\\/blog\\\/jahresrueckblick-2022-eigentlich-wollten-wir-nur-das-ende-der-pandemie\\\/#primaryimage\"},\"thumbnailUrl\":\"https:\\\/\\\/www.neumeyer-abzeichen.de\\\/blog\\\/wp-content\\\/uploads\\\/2022\\\/12\\\/weihnachten-2022.jpg\",\"keywords\":[\"Jahresr\u00fcckblick\",\"Weihnachten\"],\"inLanguage\":\"de\",\"potentialAction\":[{\"@type\":\"CommentAction\",\"name\":\"Comment\",\"target\":[\"https:\\\/\\\/www.neumeyer-abzeichen.de\\\/blog\\\/jahresrueckblick-2022-eigentlich-wollten-wir-nur-das-ende-der-pandemie\\\/#respond\"]}]},{\"@type\":\"WebPage\",\"@id\":\"https:\\\/\\\/www.neumeyer-abzeichen.de\\\/blog\\\/jahresrueckblick-2022-eigentlich-wollten-wir-nur-das-ende-der-pandemie\\\/\",\"url\":\"https:\\\/\\\/www.neumeyer-abzeichen.de\\\/blog\\\/jahresrueckblick-2022-eigentlich-wollten-wir-nur-das-ende-der-pandemie\\\/\",\"name\":\"Jahresr\u00fcckblick 2022\\\/Ausblick 2023 von Neumeyer-Abzeichen\",\"isPartOf\":{\"@id\":\"https:\\\/\\\/www.neumeyer-abzeichen.de\\\/blog\\\/#website\"},\"primaryImageOfPage\":{\"@id\":\"https:\\\/\\\/www.neumeyer-abzeichen.de\\\/blog\\\/jahresrueckblick-2022-eigentlich-wollten-wir-nur-das-ende-der-pandemie\\\/#primaryimage\"},\"image\":{\"@id\":\"https:\\\/\\\/www.neumeyer-abzeichen.de\\\/blog\\\/jahresrueckblick-2022-eigentlich-wollten-wir-nur-das-ende-der-pandemie\\\/#primaryimage\"},\"thumbnailUrl\":\"https:\\\/\\\/www.neumeyer-abzeichen.de\\\/blog\\\/wp-content\\\/uploads\\\/2022\\\/12\\\/weihnachten-2022.jpg\",\"datePublished\":\"2022-12-07T07:02:09+00:00\",\"author\":{\"@id\":\"https:\\\/\\\/www.neumeyer-abzeichen.de\\\/blog\\\/#\\\/schema\\\/person\\\/eb9c2e569f3a2d01bc40b86b6af1be13\"},\"description\":\"2022 und 2023: Ein kleiner R\u00fcckblick und Ausblick. Versandhaus Neumeyer-Abzeichen e.K. Blog\",\"breadcrumb\":{\"@id\":\"https:\\\/\\\/www.neumeyer-abzeichen.de\\\/blog\\\/jahresrueckblick-2022-eigentlich-wollten-wir-nur-das-ende-der-pandemie\\\/#breadcrumb\"},\"inLanguage\":\"de\",\"potentialAction\":[{\"@type\":\"ReadAction\",\"target\":[\"https:\\\/\\\/www.neumeyer-abzeichen.de\\\/blog\\\/jahresrueckblick-2022-eigentlich-wollten-wir-nur-das-ende-der-pandemie\\\/\"]}]},{\"@type\":\"ImageObject\",\"inLanguage\":\"de\",\"@id\":\"https:\\\/\\\/www.neumeyer-abzeichen.de\\\/blog\\\/jahresrueckblick-2022-eigentlich-wollten-wir-nur-das-ende-der-pandemie\\\/#primaryimage\",\"url\":\"https:\\\/\\\/www.neumeyer-abzeichen.de\\\/blog\\\/wp-content\\\/uploads\\\/2022\\\/12\\\/weihnachten-2022.jpg\",\"contentUrl\":\"https:\\\/\\\/www.neumeyer-abzeichen.de\\\/blog\\\/wp-content\\\/uploads\\\/2022\\\/12\\\/weihnachten-2022.jpg\",\"width\":800,\"height\":346,\"caption\":\"Weihnachten 2022\"},{\"@type\":\"BreadcrumbList\",\"@id\":\"https:\\\/\\\/www.neumeyer-abzeichen.de\\\/blog\\\/jahresrueckblick-2022-eigentlich-wollten-wir-nur-das-ende-der-pandemie\\\/#breadcrumb\",\"itemListElement\":[{\"@type\":\"ListItem\",\"position\":1,\"name\":\"Home\",\"item\":\"https:\\\/\\\/www.neumeyer-abzeichen.de\\\/blog\\\/\"},{\"@type\":\"ListItem\",\"position\":2,\"name\":\"Jahresr\u00fcckblick 2022: Eigentlich wollten wir doch nur das Ende der Pandemie \u2026\"}]},{\"@type\":\"WebSite\",\"@id\":\"https:\\\/\\\/www.neumeyer-abzeichen.de\\\/blog\\\/#website\",\"url\":\"https:\\\/\\\/www.neumeyer-abzeichen.de\\\/blog\\\/\",\"name\":\"Neumeyer-Abzeichen-Blog\",\"description\":\"Der Abzeichen- und Fanartikel-Blog\",\"potentialAction\":[{\"@type\":\"SearchAction\",\"target\":{\"@type\":\"EntryPoint\",\"urlTemplate\":\"https:\\\/\\\/www.neumeyer-abzeichen.de\\\/blog\\\/?s={search_term_string}\"},\"query-input\":{\"@type\":\"PropertyValueSpecification\",\"valueRequired\":true,\"valueName\":\"search_term_string\"}}],\"inLanguage\":\"de\"},{\"@type\":\"Person\",\"@id\":\"https:\\\/\\\/www.neumeyer-abzeichen.de\\\/blog\\\/#\\\/schema\\\/person\\\/eb9c2e569f3a2d01bc40b86b6af1be13\",\"name\":\"Tom\",\"image\":{\"@type\":\"ImageObject\",\"inLanguage\":\"de\",\"@id\":\"https:\\\/\\\/secure.gravatar.com\\\/avatar\\\/87871f34e68fada81c8b2d10de871853f840bd8f0ad7aff2ea65fb4c2a471f27?s=96&d=mm&r=g\",\"url\":\"https:\\\/\\\/secure.gravatar.com\\\/avatar\\\/87871f34e68fada81c8b2d10de871853f840bd8f0ad7aff2ea65fb4c2a471f27?s=96&d=mm&r=g\",\"contentUrl\":\"https:\\\/\\\/secure.gravatar.com\\\/avatar\\\/87871f34e68fada81c8b2d10de871853f840bd8f0ad7aff2ea65fb4c2a471f27?s=96&d=mm&r=g\",\"caption\":\"Tom\"},\"url\":\"https:\\\/\\\/www.neumeyer-abzeichen.de\\\/blog\\\/author\\\/tom\\\/\"}]}<\/script>\n<!-- \/ Yoast SEO Premium plugin. -->","yoast_head_json":{"title":"Jahresr\u00fcckblick 2022\/Ausblick 2023 von Neumeyer-Abzeichen","description":"2022 und 2023: Ein kleiner R\u00fcckblick und Ausblick. Versandhaus Neumeyer-Abzeichen e.K. Blog","robots":{"index":"index","follow":"follow","max-snippet":"max-snippet:-1","max-image-preview":"max-image-preview:large","max-video-preview":"max-video-preview:-1"},"canonical":"https:\/\/www.neumeyer-abzeichen.de\/blog\/jahresrueckblick-2022-eigentlich-wollten-wir-nur-das-ende-der-pandemie\/","og_locale":"de_DE","og_type":"article","og_title":"Jahresr\u00fcckblick 2022: Eigentlich wollten wir doch nur das Ende der Pandemie \u2026","og_description":"2022 und 2023: Ein kleiner R\u00fcckblick und Ausblick. Versandhaus Neumeyer-Abzeichen e.K. Blog","og_url":"https:\/\/www.neumeyer-abzeichen.de\/blog\/jahresrueckblick-2022-eigentlich-wollten-wir-nur-das-ende-der-pandemie\/","og_site_name":"Neumeyer-Abzeichen-Blog","article_published_time":"2022-12-07T07:02:09+00:00","og_image":[{"width":800,"height":346,"url":"https:\/\/www.neumeyer-abzeichen.de\/blog\/wp-content\/uploads\/2022\/12\/weihnachten-2022.jpg","type":"image\/jpeg"}],"author":"Tom","twitter_misc":{"Verfasst von":"Tom","Gesch\u00e4tzte Lesezeit":"4\u00a0Minuten"},"schema":{"@context":"https:\/\/schema.org","@graph":[{"@type":"Article","@id":"https:\/\/www.neumeyer-abzeichen.de\/blog\/jahresrueckblick-2022-eigentlich-wollten-wir-nur-das-ende-der-pandemie\/#article","isPartOf":{"@id":"https:\/\/www.neumeyer-abzeichen.de\/blog\/jahresrueckblick-2022-eigentlich-wollten-wir-nur-das-ende-der-pandemie\/"},"author":{"name":"Tom","@id":"https:\/\/www.neumeyer-abzeichen.de\/blog\/#\/schema\/person\/eb9c2e569f3a2d01bc40b86b6af1be13"},"headline":"Jahresr\u00fcckblick 2022: Eigentlich wollten wir doch nur das Ende der Pandemie \u2026","datePublished":"2022-12-07T07:02:09+00:00","mainEntityOfPage":{"@id":"https:\/\/www.neumeyer-abzeichen.de\/blog\/jahresrueckblick-2022-eigentlich-wollten-wir-nur-das-ende-der-pandemie\/"},"wordCount":575,"commentCount":0,"image":{"@id":"https:\/\/www.neumeyer-abzeichen.de\/blog\/jahresrueckblick-2022-eigentlich-wollten-wir-nur-das-ende-der-pandemie\/#primaryimage"},"thumbnailUrl":"https:\/\/www.neumeyer-abzeichen.de\/blog\/wp-content\/uploads\/2022\/12\/weihnachten-2022.jpg","keywords":["Jahresr\u00fcckblick","Weihnachten"],"inLanguage":"de","potentialAction":[{"@type":"CommentAction","name":"Comment","target":["https:\/\/www.neumeyer-abzeichen.de\/blog\/jahresrueckblick-2022-eigentlich-wollten-wir-nur-das-ende-der-pandemie\/#respond"]}]},{"@type":"WebPage","@id":"https:\/\/www.neumeyer-abzeichen.de\/blog\/jahresrueckblick-2022-eigentlich-wollten-wir-nur-das-ende-der-pandemie\/","url":"https:\/\/www.neumeyer-abzeichen.de\/blog\/jahresrueckblick-2022-eigentlich-wollten-wir-nur-das-ende-der-pandemie\/","name":"Jahresr\u00fcckblick 2022\/Ausblick 2023 von Neumeyer-Abzeichen","isPartOf":{"@id":"https:\/\/www.neumeyer-abzeichen.de\/blog\/#website"},"primaryImageOfPage":{"@id":"https:\/\/www.neumeyer-abzeichen.de\/blog\/jahresrueckblick-2022-eigentlich-wollten-wir-nur-das-ende-der-pandemie\/#primaryimage"},"image":{"@id":"https:\/\/www.neumeyer-abzeichen.de\/blog\/jahresrueckblick-2022-eigentlich-wollten-wir-nur-das-ende-der-pandemie\/#primaryimage"},"thumbnailUrl":"https:\/\/www.neumeyer-abzeichen.de\/blog\/wp-content\/uploads\/2022\/12\/weihnachten-2022.jpg","datePublished":"2022-12-07T07:02:09+00:00","author":{"@id":"https:\/\/www.neumeyer-abzeichen.de\/blog\/#\/schema\/person\/eb9c2e569f3a2d01bc40b86b6af1be13"},"description":"2022 und 2023: Ein kleiner R\u00fcckblick und Ausblick. Versandhaus Neumeyer-Abzeichen e.K. Blog","breadcrumb":{"@id":"https:\/\/www.neumeyer-abzeichen.de\/blog\/jahresrueckblick-2022-eigentlich-wollten-wir-nur-das-ende-der-pandemie\/#breadcrumb"},"inLanguage":"de","potentialAction":[{"@type":"ReadAction","target":["https:\/\/www.neumeyer-abzeichen.de\/blog\/jahresrueckblick-2022-eigentlich-wollten-wir-nur-das-ende-der-pandemie\/"]}]},{"@type":"ImageObject","inLanguage":"de","@id":"https:\/\/www.neumeyer-abzeichen.de\/blog\/jahresrueckblick-2022-eigentlich-wollten-wir-nur-das-ende-der-pandemie\/#primaryimage","url":"https:\/\/www.neumeyer-abzeichen.de\/blog\/wp-content\/uploads\/2022\/12\/weihnachten-2022.jpg","contentUrl":"https:\/\/www.neumeyer-abzeichen.de\/blog\/wp-content\/uploads\/2022\/12\/weihnachten-2022.jpg","width":800,"height":346,"caption":"Weihnachten 2022"},{"@type":"BreadcrumbList","@id":"https:\/\/www.neumeyer-abzeichen.de\/blog\/jahresrueckblick-2022-eigentlich-wollten-wir-nur-das-ende-der-pandemie\/#breadcrumb","itemListElement":[{"@type":"ListItem","position":1,"name":"Home","item":"https:\/\/www.neumeyer-abzeichen.de\/blog\/"},{"@type":"ListItem","position":2,"name":"Jahresr\u00fcckblick 2022: Eigentlich wollten wir doch nur das Ende der Pandemie \u2026"}]},{"@type":"WebSite","@id":"https:\/\/www.neumeyer-abzeichen.de\/blog\/#website","url":"https:\/\/www.neumeyer-abzeichen.de\/blog\/","name":"Neumeyer-Abzeichen-Blog","description":"Der Abzeichen- und Fanartikel-Blog","potentialAction":[{"@type":"SearchAction","target":{"@type":"EntryPoint","urlTemplate":"https:\/\/www.neumeyer-abzeichen.de\/blog\/?s={search_term_string}"},"query-input":{"@type":"PropertyValueSpecification","valueRequired":true,"valueName":"search_term_string"}}],"inLanguage":"de"},{"@type":"Person","@id":"https:\/\/www.neumeyer-abzeichen.de\/blog\/#\/schema\/person\/eb9c2e569f3a2d01bc40b86b6af1be13","name":"Tom","image":{"@type":"ImageObject","inLanguage":"de","@id":"https:\/\/secure.gravatar.com\/avatar\/87871f34e68fada81c8b2d10de871853f840bd8f0ad7aff2ea65fb4c2a471f27?s=96&d=mm&r=g","url":"https:\/\/secure.gravatar.com\/avatar\/87871f34e68fada81c8b2d10de871853f840bd8f0ad7aff2ea65fb4c2a471f27?s=96&d=mm&r=g","contentUrl":"https:\/\/secure.gravatar.com\/avatar\/87871f34e68fada81c8b2d10de871853f840bd8f0ad7aff2ea65fb4c2a471f27?s=96&d=mm&r=g","caption":"Tom"},"url":"https:\/\/www.neumeyer-abzeichen.de\/blog\/author\/tom\/"}]}},"_links":{"self":[{"href":"https:\/\/www.neumeyer-abzeichen.de\/blog\/wp-json\/wp\/v2\/posts\/2465","targetHints":{"allow":["GET"]}}],"collection":[{"href":"https:\/\/www.neumeyer-abzeichen.de\/blog\/wp-json\/wp\/v2\/posts"}],"about":[{"href":"https:\/\/www.neumeyer-abzeichen.de\/blog\/wp-json\/wp\/v2\/types\/post"}],"author":[{"embeddable":true,"href":"https:\/\/www.neumeyer-abzeichen.de\/blog\/wp-json\/wp\/v2\/users\/1"}],"replies":[{"embeddable":true,"href":"https:\/\/www.neumeyer-abzeichen.de\/blog\/wp-json\/wp\/v2\/comments?post=2465"}],"version-history":[{"count":2,"href":"https:\/\/www.neumeyer-abzeichen.de\/blog\/wp-json\/wp\/v2\/posts\/2465\/revisions"}],"predecessor-version":[{"id":2470,"href":"https:\/\/www.neumeyer-abzeichen.de\/blog\/wp-json\/wp\/v2\/posts\/2465\/revisions\/2470"}],"wp:featuredmedia":[{"embeddable":true,"href":"https:\/\/www.neumeyer-abzeichen.de\/blog\/wp-json\/wp\/v2\/media\/2467"}],"wp:attachment":[{"href":"https:\/\/www.neumeyer-abzeichen.de\/blog\/wp-json\/wp\/v2\/media?parent=2465"}],"wp:term":[{"taxonomy":"category","embeddable":true,"href":"https:\/\/www.neumeyer-abzeichen.de\/blog\/wp-json\/wp\/v2\/categories?post=2465"},{"taxonomy":"post_tag","embeddable":true,"href":"https:\/\/www.neumeyer-abzeichen.de\/blog\/wp-json\/wp\/v2\/tags?post=2465"}],"curies":[{"name":"wp","href":"https:\/\/api.w.org\/{rel}","templated":true}]}}