{"id":2302,"date":"2022-01-12T12:46:53","date_gmt":"2022-01-12T10:46:53","guid":{"rendered":"https:\/\/www.neumeyer-abzeichen.de\/blog\/?p=2302"},"modified":"2025-04-22T10:23:23","modified_gmt":"2025-04-22T08:23:23","slug":"ursprung-karnevalstradition-dreigestirn","status":"publish","type":"post","link":"https:\/\/www.neumeyer-abzeichen.de\/blog\/ursprung-karnevalstradition-dreigestirn\/","title":{"rendered":"Ursprung der Karnevalstradition \u201eDreigestirn\u201c"},"content":{"rendered":"<p><a href=\"https:\/\/www.neumeyer-abzeichen.de\/blog\/wp-content\/uploads\/2022\/01\/dreigestirn-koeln.jpg\"><img fetchpriority=\"high\" decoding=\"async\" class=\" wp-image-2304 alignleft\" src=\"https:\/\/www.neumeyer-abzeichen.de\/blog\/wp-content\/uploads\/2022\/01\/dreigestirn-koeln-300x200.jpg\" alt=\"K\u00f6lner Dreigestirn\" width=\"282\" height=\"188\" srcset=\"https:\/\/www.neumeyer-abzeichen.de\/blog\/wp-content\/uploads\/2022\/01\/dreigestirn-koeln-300x200.jpg 300w, https:\/\/www.neumeyer-abzeichen.de\/blog\/wp-content\/uploads\/2022\/01\/dreigestirn-koeln-768x512.jpg 768w, https:\/\/www.neumeyer-abzeichen.de\/blog\/wp-content\/uploads\/2022\/01\/dreigestirn-koeln.jpg 1024w\" sizes=\"(max-width: 282px) 100vw, 282px\" \/><\/a>Kein K\u00f6lner Karneval ohne <strong>Dreigestirn<\/strong>. Das <strong>Trio aus Prinz, Bauer und Jungfrau<\/strong> bildet die offiziellen Repr\u00e4sentanten des Karnevals. Sie regieren nach der Unterzeichnung des Sessionsvertrags \u00fcber das n\u00e4rrische Volk, was in K\u00f6ln mit einem mehrw\u00f6chigen Auftrittsmarathon verbunden ist. Doch warum steht gerade ein Trio aus einem Prinzen, einem Bauern und einer Jungfrau an der Spitze des Karnevals?<\/p>\n<h2>Wie entstand das Dreigestirn?<\/h2>\n<p>Die Einheit des K\u00f6lner Dreigestirns <strong>existiert seit 1870<\/strong>, aber erst s<strong>eit 1938 wird der Begriff \u201eDreigestirn\u201c verwendet<\/strong>. Grundlage bildet die <strong>Reform des K\u00f6lner Karnevals im Jahr 1823<\/strong>, denn mit der Reform wurde die Figur des <strong>Held Karneval<\/strong> in den Mittelpunkt des n\u00e4rrischen Treibens gestellt. Er sollte jedes Jahr am Rosenmontag seinen Siegeszug durch K\u00f6ln antreten und erhielt als wichtigste Begleitung die <strong>Prinzessin Venetia<\/strong>, die ewige Braut des Helden. Venetia, die von einem Mann dargestellt wird, tritt aber nur bis etwa Mitte des 19. Jahrhunderts regelm\u00e4\u00dfig neben dem Helden Karneval auf.<\/p>\n<p><strong>1871<\/strong> wurde aus dem Helden Karneval der <strong>Prinz Karneval<\/strong>. Auch er erhielt zu Beginn als Begleitung die Prinzessin Venetia, allerdings nur ab und an, bis sie schlie\u00dflich ganz aus dem K\u00f6lner Karneval verschwand.<\/p>\n<p>Mit der Reform erschienen auch schon <strong>Bauer und Jungfrau<\/strong> beim Rosenmontagszug, allerdings nur dann, wenn es im Zuge des Karnevalsmottos sinnvoll war. Erst <strong>ab 1870<\/strong> waren sie <strong>fester Bestandteil<\/strong>.<\/p>\n<p>Hintergr\u00fcnde und Merkmale dieser beiden Figuren:<\/p>\n<table>\n<tbody>\n<tr>\n<td width=\"302\">\n<p style=\"text-align: center;\"><strong>Jungfrau im Karneval<\/strong><\/p>\n<ul>\n<li>sie symbolisiert die freie, unabh\u00e4ngige Stadt K\u00f6ln<\/li>\n<li>erstmals 1570 erw\u00e4hnt<\/li>\n<li>tritt zum ersten Mal 1823 im Maskenzug auf<\/li>\n<li>Jungfrau tr\u00e4gt eine Mauerkrone auf dem Kopf \u2013 als Zeichen der Unbesiegbarkeit<\/li>\n<\/ul>\n<p>&nbsp;<\/td>\n<td width=\"302\">\n<p style=\"text-align: center;\"><strong>Bauer im Karneval<\/strong><\/p>\n<ul>\n<li>er symbolisiert K\u00f6ln als Mitglied der Reichsbauernschaft im Mittelalter<\/li>\n<li>1422 erstmals erw\u00e4hnt \u2013 als Schildhalter des Reichs<\/li>\n<li>tritt zum ersten Mal 1825 im Maskenzug auf<\/li>\n<li>als Stadtbewahrer tr\u00e4gt er die Stadtschl\u00fcssel<\/li>\n<li>tr\u00e4gt Hut mit 125 Pfauenfedern<\/li>\n<\/ul>\n<\/td>\n<\/tr>\n<\/tbody>\n<\/table>\n<p>Der <strong>Prinz<\/strong> ist aber trotz des Dreigestirns immer <strong>alleiniger Regent<\/strong> und wichtigste Person innerhalb des Trios.<\/p>\n<p>Immer Anfang Januar erfolgt die <strong>Proklamation des Dreigestirns<\/strong> durch den K\u00f6lner Oberb\u00fcrgermeister. Der Prinz erh\u00e4lt dabei die Pritsche. Sie symbolisiert einerseits die Macht des Prinzen, andererseits die Einheit mit seinem n\u00e4rrischen Volk. Der Bauer erh\u00e4lt den Stadtschl\u00fcssel und die Jungfrau seit 1993 einen silbernen Spiegel.<\/p>\n<p><a href=\"https:\/\/www.neumeyer-abzeichen.de\/festbedarf\/festabzeichen\/\" target=\"_blank\" rel=\"noopener\"><img decoding=\"async\" class=\"size-medium wp-image-3065 aligncenter\" src=\"https:\/\/www.neumeyer-abzeichen.de\/blog\/wp-content\/uploads\/2022\/01\/festabzeichen-cta-300x300.png\" alt=\"CTA Festabzeichen &amp; Bandabzeichen\" width=\"300\" height=\"300\" srcset=\"https:\/\/www.neumeyer-abzeichen.de\/blog\/wp-content\/uploads\/2022\/01\/festabzeichen-cta-300x300.png 300w, https:\/\/www.neumeyer-abzeichen.de\/blog\/wp-content\/uploads\/2022\/01\/festabzeichen-cta-150x150.png 150w, https:\/\/www.neumeyer-abzeichen.de\/blog\/wp-content\/uploads\/2022\/01\/festabzeichen-cta-768x768.png 768w, https:\/\/www.neumeyer-abzeichen.de\/blog\/wp-content\/uploads\/2022\/01\/festabzeichen-cta.png 1024w\" sizes=\"(max-width: 300px) 100vw, 300px\" \/><\/a><\/p>\n<h2>Wer bestimmt das Dreigestirn?<\/h2>\n<p>Beim K\u00f6lner Dreigestirn sind die dem <strong>Festkomitee<\/strong> des K\u00f6lner Karnevals unterstehenden <strong>Karnevalsvereine<\/strong> daf\u00fcr verantwortlich, die Wahl trifft letztlich das Festkomitee. Das Dreigestirn wird <strong>jedes Jahr neu gew\u00e4hlt<\/strong>. Meist handelt es sich beim Dreigestirn um Mitglieder eines einzigen Karnevalsvereins. Dabei ber\u00fccksichtigt das Festkomitee meist Gesellschaften mit einem Jubil\u00e4um.<\/p>\n<p><strong>Bis auf 1938 und 1939<\/strong> <strong>\u00fcbernahmen immer M\u00e4nner die Besetzung des Dreigestirns.<\/strong> In den beiden genannten Jahren wurde der Festausschuss von der NSDAP unter Druck gesetzt und die Darstellung der Jungfrau durch eine Frau gefordert. Hintergrund: Die Kost\u00fcmierung als Frau lag den Nationalsozialisten zu nah im Bereich der Homosexualit\u00e4t und passte damit nicht in deren M\u00e4nnerbild.<\/p>\n<p>Dass M\u00e4nner die Rolle \u00fcbernahmen bzw. heute \u00fcbernehmen, wurde nicht bewusst bestimmt, es hat sich einfach <strong>aus den Traditionen des Karnevals so entwickelt<\/strong>, da der offiziell organisierte Karneval eben eine Angelegenheit von M\u00e4nnern war (und bis heute vielerorts ist). Es gibt noch viele sehr traditionsbewusste Karnevalsgesellschaften, deren Mitglieder ausschlie\u00dflich M\u00e4nner sind. Und da Traditionen im Karneval eine sehr gro\u00dfe Rolle spielen, werden sie nur selten (wie bspw. 1938\/39 nur unter erheblichem Druck) gebrochen. Davon abgesehen versinnbildlicht die von einem Mann dargestellte Jungfrau die typische Karnevalskomik.<\/p>\n<h2>Welche Aufgaben hat das Dreigestirn?<\/h2>\n<p>Das Dreigestirn er\u00f6ffnet p\u00fcnktlich um <strong>11.11 Uhr am Weiberfastnachtstag den Stra\u00dfenkarneval<\/strong> auf dem Heumarkt in K\u00f6ln. W\u00e4hrend der Karnevalsaufz\u00fcge treten die drei Hauptfiguren immer in Begleitung der Prinzen-Garde K\u00f6ln 1906 e.V. sowie der EhrenGarde der Stadt K\u00f6ln 1902 e.V. auf \u2013 genauer gesagt ist die erste Garde das Begleitkorps des Prinzen, die zweite Garde bildet das Begleitkorps von Bauer und Jungfrau.<\/p>\n<p><a href=\"https:\/\/www.neumeyer-abzeichen.de\/blog\/wp-content\/uploads\/2022\/01\/koeln-rosenmontagszug.jpg\"><img decoding=\"async\" class=\"alignleft size-medium wp-image-2307\" src=\"https:\/\/www.neumeyer-abzeichen.de\/blog\/wp-content\/uploads\/2022\/01\/koeln-rosenmontagszug-300x200.jpg\" alt=\"K\u00f6ln Rosenmontagszug\" width=\"300\" height=\"200\" srcset=\"https:\/\/www.neumeyer-abzeichen.de\/blog\/wp-content\/uploads\/2022\/01\/koeln-rosenmontagszug-300x200.jpg 300w, https:\/\/www.neumeyer-abzeichen.de\/blog\/wp-content\/uploads\/2022\/01\/koeln-rosenmontagszug-768x512.jpg 768w, https:\/\/www.neumeyer-abzeichen.de\/blog\/wp-content\/uploads\/2022\/01\/koeln-rosenmontagszug.jpg 800w\" sizes=\"(max-width: 300px) 100vw, 300px\" \/><\/a>Arbeitsreich wird es f\u00fcr das Dreigestirn in der Karnevalszeit auf jeden Fall. Je nachdem wie lang die Session ist, muss das Trio <strong>bis zu 400 Auftritte<\/strong> absolvieren, wobei viele dieser Auftritte in sozialen Einrichtungen stattfinden. \u00dcberall, wo das Dreigestirn auftaucht, wird es mit viel Jubel und Begeisterung empfangen. Der <strong>H\u00f6hepunkt<\/strong> ist aber eindeutig der <strong>K\u00f6lner Rosenmontagszug<\/strong>, der von den Blauen Funken er\u00f6ffnet wird.<\/p>\n<h2>Pr\u00e4chtige Amtstrachten \u2013 die Ornate des Dreigestirns<\/h2>\n<p>Die Kleidung des Dreigestirns sind genau genommen <strong>keine Kost\u00fcme<\/strong>, sondern <strong>Ornate<\/strong>, also festliche Amtstrachten. W\u00e4hrend sich die \u201enormalen\u201c Jecken mit Kost\u00fcmen verkleiden, werden Prinz, Bauer und Jungfrau in das Amt des Dreigestirns proklamiert und tragen folglich die damit zusammenh\u00e4ngende <strong>Amtstracht<\/strong>.<\/p>\n<p>Die Ornate des Dreigestirns sind sehr prunkvoll, in der Regel ma\u00dfgeschneidert und erfordern von den Tr\u00e4gern durch die oft sehr vielen Lagen Stoff viel Durchhalteverm\u00f6gen bei den t\u00e4glichen Auftritten w\u00e4hrend der Session.<\/p>\n<h2>Das K\u00f6lner Kinderdreigestirn<\/h2>\n<p>Das K\u00f6lner Kinderdreigestirn existiert seit 1965 und geht auf eine Idee von Hans Wallpott zur\u00fcck, damals Pr\u00e4sident der B\u00fcrgergarde \u201eblau-gold\u201c 1904. Die Kinder werden ebenfalls von Gardisten und Pagen begleitet, die entsprechend der B\u00fcrgergarde blau-goldene Uniformen tragen. Hier \u00fcbernimmt \u00fcbrigens <strong>immer ein M\u00e4dchen die Rolle der Jungfrau<\/strong> (bis auf die beiden Jahre 1965 und 1966).<\/p>\n<h2>Das Dreigestirn au\u00dferhalb des K\u00f6lner Karnevals<\/h2>\n<p>Das Dreigestirn ist die <strong>bekannteste Regierungsform des Prinzen<\/strong> und nat\u00fcrlich durch den K\u00f6lner Karneval sehr ber\u00fchmt. Die Zusammensetzung des Hofstaats kann sich aber von Region zu Region unterscheiden, z.B. als <strong>Prinzenpaar<\/strong> oder <strong>Prinz mit Hofstaat<\/strong>. Und dass auch die <strong>Gender-Thematik<\/strong> l\u00e4ngst im traditionellen Karneval angekommen ist, beweisen viele rein weibliche Dreigestirne und gleichgeschlechtliche Prinzenpaare.<\/p>\n<h2>Dreigestirn als Karnevalsorden<\/h2>\n<p><a href=\"https:\/\/www.neumeyer-abzeichen.de\/blog\/wp-content\/uploads\/2022\/01\/karnevalsorden-clown.jpg\"><img loading=\"lazy\" decoding=\"async\" class=\"alignleft wp-image-2305\" src=\"https:\/\/www.neumeyer-abzeichen.de\/blog\/wp-content\/uploads\/2022\/01\/karnevalsorden-clown.jpg\" alt=\"Karnevalsorden Clown\" width=\"146\" height=\"167\" \/><\/a> Genau wie das Dreigestirn sind auch die <a href=\"https:\/\/www.neumeyer-abzeichen.de\/karnevalsorden.htm\">Karnevalsorden<\/a> fester Bestandteil der <a href=\"https:\/\/www.neumeyer-abzeichen.de\/blog\/wp-content\/uploads\/2022\/01\/karnevalsorden-heidelberg-gold.jpg\"><img loading=\"lazy\" decoding=\"async\" class=\"alignright wp-image-2306\" src=\"https:\/\/www.neumeyer-abzeichen.de\/blog\/wp-content\/uploads\/2022\/01\/karnevalsorden-heidelberg-gold.jpg\" alt=\"Karnevalsorden Heidelberg\" width=\"170\" height=\"171\" \/><\/a>Karnevalstradition, und zwar in allen faschingsverr\u00fcckten Teilen der Republik. Ob <strong>Standardorden<\/strong> mit eigenem Emblem oder ein <strong>komplett individueller Karnevalsorden<\/strong> \u2013 im Versandhaus Neumeyer-Abzeichen erhalten Sie die beliebten n\u00e4rrischen Accessoires in jeder gew\u00fcnschten Ausf\u00fchrung \u2013 nat\u00fcrlich auch als Orden mit dem Dreigestirn.<\/p>\n<p>&nbsp;<\/p>\n<p><em><strong>Bildnachweis:<\/strong><\/em><\/p>\n<p>\u00a9 <a href=\"https:\/\/stock.adobe.com\/de\/images\/kolner-dreigestirn\/78101308?asset_id=78101308\">Elisabeth <\/a>\u2013\u00a0stock.adobe.com<\/p>\n<p>\u00a9 <a href=\"https:\/\/stock.adobe.com\/de\/images\/traditional-parade-at-rose-monday-rosenmontag-on-the-streets-of-cologne-germany-during-famous-carnival-season-so-called-ifth-season-cologne-carnival-kolner-karneval-takes-place-every-year\/185918173?asset_id=185918173\">picturetom <\/a>\u2013\u00a0stock.adobe.com<\/p>\n","protected":false},"excerpt":{"rendered":"<p>Kein K\u00f6lner Karneval ohne Dreigestirn. Das Trio aus Prinz, Bauer und Jungfrau bildet die offiziellen Repr\u00e4sentanten des Karnevals. Sie regieren nach der Unterzeichnung des Sessionsvertrags \u00fcber das n\u00e4rrische Volk, was in K\u00f6ln mit einem mehrw\u00f6chigen Auftrittsmarathon verbunden ist. Doch warum steht gerade ein Trio aus einem Prinzen, einem Bauern und einer Jungfrau an der Spitze [&hellip;]<\/p>\n","protected":false},"author":1,"featured_media":2304,"comment_status":"open","ping_status":"open","sticky":false,"template":"","format":"standard","meta":{"footnotes":""},"categories":[1,33,49],"tags":[50,166,133,54,52,165],"class_list":["post-2302","post","type-post","status-publish","format-standard","has-post-thumbnail","hentry","category-allgemein","category-ansteckerpins","category-karneval","tag-fasching","tag-karne","tag-karneval","tag-karnevalsorden","tag-karnevalsuniformen","tag-koelner-dreigestirn"],"yoast_head":"<!-- This site is optimized with the Yoast SEO Premium plugin v26.0 (Yoast SEO v27.5) - https:\/\/yoast.com\/product\/yoast-seo-premium-wordpress\/ -->\n<title>Ursprung des K\u00f6lner Dreigestirns<\/title>\n<meta name=\"description\" content=\"K\u00f6lner Dreigestirn: Wie entstand es? Warum Prinz, Bauer und Jungfrau? Antworten finden Sie im Versandhaus Neumeyer-Abzeichen e.K. Blog\" \/>\n<meta name=\"robots\" content=\"index, follow, max-snippet:-1, max-image-preview:large, max-video-preview:-1\" \/>\n<link rel=\"canonical\" href=\"https:\/\/www.neumeyer-abzeichen.de\/blog\/ursprung-karnevalstradition-dreigestirn\/\" \/>\n<meta property=\"og:locale\" content=\"de_DE\" \/>\n<meta property=\"og:type\" content=\"article\" \/>\n<meta property=\"og:title\" content=\"Ursprung der Karnevalstradition \u201eDreigestirn\u201c\" \/>\n<meta property=\"og:description\" content=\"K\u00f6lner Dreigestirn: Wie entstand es? Warum Prinz, Bauer und Jungfrau? Antworten finden Sie im Versandhaus Neumeyer-Abzeichen e.K. Blog\" \/>\n<meta property=\"og:url\" content=\"https:\/\/www.neumeyer-abzeichen.de\/blog\/ursprung-karnevalstradition-dreigestirn\/\" \/>\n<meta property=\"og:site_name\" content=\"Neumeyer-Abzeichen-Blog\" \/>\n<meta property=\"article:published_time\" content=\"2022-01-12T10:46:53+00:00\" \/>\n<meta property=\"article:modified_time\" content=\"2025-04-22T08:23:23+00:00\" \/>\n<meta property=\"og:image\" content=\"https:\/\/www.neumeyer-abzeichen.de\/blog\/wp-content\/uploads\/2022\/01\/dreigestirn-koeln.jpg\" \/>\n\t<meta property=\"og:image:width\" content=\"1024\" \/>\n\t<meta property=\"og:image:height\" content=\"682\" \/>\n\t<meta property=\"og:image:type\" content=\"image\/jpeg\" \/>\n<meta name=\"author\" content=\"Tom\" \/>\n<meta name=\"twitter:label1\" content=\"Verfasst von\" \/>\n\t<meta name=\"twitter:data1\" content=\"Tom\" \/>\n\t<meta name=\"twitter:label2\" content=\"Gesch\u00e4tzte Lesezeit\" \/>\n\t<meta name=\"twitter:data2\" content=\"7\u00a0Minuten\" \/>\n<script type=\"application\/ld+json\" class=\"yoast-schema-graph\">{\"@context\":\"https:\\\/\\\/schema.org\",\"@graph\":[{\"@type\":\"Article\",\"@id\":\"https:\\\/\\\/www.neumeyer-abzeichen.de\\\/blog\\\/ursprung-karnevalstradition-dreigestirn\\\/#article\",\"isPartOf\":{\"@id\":\"https:\\\/\\\/www.neumeyer-abzeichen.de\\\/blog\\\/ursprung-karnevalstradition-dreigestirn\\\/\"},\"author\":{\"name\":\"Tom\",\"@id\":\"https:\\\/\\\/www.neumeyer-abzeichen.de\\\/blog\\\/#\\\/schema\\\/person\\\/eb9c2e569f3a2d01bc40b86b6af1be13\"},\"headline\":\"Ursprung der Karnevalstradition \u201eDreigestirn\u201c\",\"datePublished\":\"2022-01-12T10:46:53+00:00\",\"dateModified\":\"2025-04-22T08:23:23+00:00\",\"mainEntityOfPage\":{\"@id\":\"https:\\\/\\\/www.neumeyer-abzeichen.de\\\/blog\\\/ursprung-karnevalstradition-dreigestirn\\\/\"},\"wordCount\":997,\"commentCount\":0,\"image\":{\"@id\":\"https:\\\/\\\/www.neumeyer-abzeichen.de\\\/blog\\\/ursprung-karnevalstradition-dreigestirn\\\/#primaryimage\"},\"thumbnailUrl\":\"https:\\\/\\\/www.neumeyer-abzeichen.de\\\/blog\\\/wp-content\\\/uploads\\\/2022\\\/01\\\/dreigestirn-koeln.jpg\",\"keywords\":[\"Fasching\",\"karne\",\"Karneval\",\"Karnevalsorden\",\"Karnevalsuniformen\",\"K\u00f6lner Dreigestirn\"],\"articleSection\":{\"1\":\"Anstecker\\\/Pins\",\"2\":\"Karneval\"},\"inLanguage\":\"de\",\"potentialAction\":[{\"@type\":\"CommentAction\",\"name\":\"Comment\",\"target\":[\"https:\\\/\\\/www.neumeyer-abzeichen.de\\\/blog\\\/ursprung-karnevalstradition-dreigestirn\\\/#respond\"]}]},{\"@type\":\"WebPage\",\"@id\":\"https:\\\/\\\/www.neumeyer-abzeichen.de\\\/blog\\\/ursprung-karnevalstradition-dreigestirn\\\/\",\"url\":\"https:\\\/\\\/www.neumeyer-abzeichen.de\\\/blog\\\/ursprung-karnevalstradition-dreigestirn\\\/\",\"name\":\"Ursprung des K\u00f6lner Dreigestirns\",\"isPartOf\":{\"@id\":\"https:\\\/\\\/www.neumeyer-abzeichen.de\\\/blog\\\/#website\"},\"primaryImageOfPage\":{\"@id\":\"https:\\\/\\\/www.neumeyer-abzeichen.de\\\/blog\\\/ursprung-karnevalstradition-dreigestirn\\\/#primaryimage\"},\"image\":{\"@id\":\"https:\\\/\\\/www.neumeyer-abzeichen.de\\\/blog\\\/ursprung-karnevalstradition-dreigestirn\\\/#primaryimage\"},\"thumbnailUrl\":\"https:\\\/\\\/www.neumeyer-abzeichen.de\\\/blog\\\/wp-content\\\/uploads\\\/2022\\\/01\\\/dreigestirn-koeln.jpg\",\"datePublished\":\"2022-01-12T10:46:53+00:00\",\"dateModified\":\"2025-04-22T08:23:23+00:00\",\"author\":{\"@id\":\"https:\\\/\\\/www.neumeyer-abzeichen.de\\\/blog\\\/#\\\/schema\\\/person\\\/eb9c2e569f3a2d01bc40b86b6af1be13\"},\"description\":\"K\u00f6lner Dreigestirn: Wie entstand es? Warum Prinz, Bauer und Jungfrau? Antworten finden Sie im Versandhaus Neumeyer-Abzeichen e.K. Blog\",\"breadcrumb\":{\"@id\":\"https:\\\/\\\/www.neumeyer-abzeichen.de\\\/blog\\\/ursprung-karnevalstradition-dreigestirn\\\/#breadcrumb\"},\"inLanguage\":\"de\",\"potentialAction\":[{\"@type\":\"ReadAction\",\"target\":[\"https:\\\/\\\/www.neumeyer-abzeichen.de\\\/blog\\\/ursprung-karnevalstradition-dreigestirn\\\/\"]}]},{\"@type\":\"ImageObject\",\"inLanguage\":\"de\",\"@id\":\"https:\\\/\\\/www.neumeyer-abzeichen.de\\\/blog\\\/ursprung-karnevalstradition-dreigestirn\\\/#primaryimage\",\"url\":\"https:\\\/\\\/www.neumeyer-abzeichen.de\\\/blog\\\/wp-content\\\/uploads\\\/2022\\\/01\\\/dreigestirn-koeln.jpg\",\"contentUrl\":\"https:\\\/\\\/www.neumeyer-abzeichen.de\\\/blog\\\/wp-content\\\/uploads\\\/2022\\\/01\\\/dreigestirn-koeln.jpg\",\"width\":1024,\"height\":682,\"caption\":\"K\u00f6lner Dreigestirn\"},{\"@type\":\"BreadcrumbList\",\"@id\":\"https:\\\/\\\/www.neumeyer-abzeichen.de\\\/blog\\\/ursprung-karnevalstradition-dreigestirn\\\/#breadcrumb\",\"itemListElement\":[{\"@type\":\"ListItem\",\"position\":1,\"name\":\"Home\",\"item\":\"https:\\\/\\\/www.neumeyer-abzeichen.de\\\/blog\\\/\"},{\"@type\":\"ListItem\",\"position\":2,\"name\":\"Ursprung der Karnevalstradition \u201eDreigestirn\u201c\"}]},{\"@type\":\"WebSite\",\"@id\":\"https:\\\/\\\/www.neumeyer-abzeichen.de\\\/blog\\\/#website\",\"url\":\"https:\\\/\\\/www.neumeyer-abzeichen.de\\\/blog\\\/\",\"name\":\"Neumeyer-Abzeichen-Blog\",\"description\":\"Der Abzeichen- und Fanartikel-Blog\",\"potentialAction\":[{\"@type\":\"SearchAction\",\"target\":{\"@type\":\"EntryPoint\",\"urlTemplate\":\"https:\\\/\\\/www.neumeyer-abzeichen.de\\\/blog\\\/?s={search_term_string}\"},\"query-input\":{\"@type\":\"PropertyValueSpecification\",\"valueRequired\":true,\"valueName\":\"search_term_string\"}}],\"inLanguage\":\"de\"},{\"@type\":\"Person\",\"@id\":\"https:\\\/\\\/www.neumeyer-abzeichen.de\\\/blog\\\/#\\\/schema\\\/person\\\/eb9c2e569f3a2d01bc40b86b6af1be13\",\"name\":\"Tom\",\"image\":{\"@type\":\"ImageObject\",\"inLanguage\":\"de\",\"@id\":\"https:\\\/\\\/secure.gravatar.com\\\/avatar\\\/87871f34e68fada81c8b2d10de871853f840bd8f0ad7aff2ea65fb4c2a471f27?s=96&d=mm&r=g\",\"url\":\"https:\\\/\\\/secure.gravatar.com\\\/avatar\\\/87871f34e68fada81c8b2d10de871853f840bd8f0ad7aff2ea65fb4c2a471f27?s=96&d=mm&r=g\",\"contentUrl\":\"https:\\\/\\\/secure.gravatar.com\\\/avatar\\\/87871f34e68fada81c8b2d10de871853f840bd8f0ad7aff2ea65fb4c2a471f27?s=96&d=mm&r=g\",\"caption\":\"Tom\"},\"url\":\"https:\\\/\\\/www.neumeyer-abzeichen.de\\\/blog\\\/author\\\/tom\\\/\"}]}<\/script>\n<!-- \/ Yoast SEO Premium plugin. -->","yoast_head_json":{"title":"Ursprung des K\u00f6lner Dreigestirns","description":"K\u00f6lner Dreigestirn: Wie entstand es? Warum Prinz, Bauer und Jungfrau? Antworten finden Sie im Versandhaus Neumeyer-Abzeichen e.K. Blog","robots":{"index":"index","follow":"follow","max-snippet":"max-snippet:-1","max-image-preview":"max-image-preview:large","max-video-preview":"max-video-preview:-1"},"canonical":"https:\/\/www.neumeyer-abzeichen.de\/blog\/ursprung-karnevalstradition-dreigestirn\/","og_locale":"de_DE","og_type":"article","og_title":"Ursprung der Karnevalstradition \u201eDreigestirn\u201c","og_description":"K\u00f6lner Dreigestirn: Wie entstand es? Warum Prinz, Bauer und Jungfrau? Antworten finden Sie im Versandhaus Neumeyer-Abzeichen e.K. Blog","og_url":"https:\/\/www.neumeyer-abzeichen.de\/blog\/ursprung-karnevalstradition-dreigestirn\/","og_site_name":"Neumeyer-Abzeichen-Blog","article_published_time":"2022-01-12T10:46:53+00:00","article_modified_time":"2025-04-22T08:23:23+00:00","og_image":[{"width":1024,"height":682,"url":"https:\/\/www.neumeyer-abzeichen.de\/blog\/wp-content\/uploads\/2022\/01\/dreigestirn-koeln.jpg","type":"image\/jpeg"}],"author":"Tom","twitter_misc":{"Verfasst von":"Tom","Gesch\u00e4tzte Lesezeit":"7\u00a0Minuten"},"schema":{"@context":"https:\/\/schema.org","@graph":[{"@type":"Article","@id":"https:\/\/www.neumeyer-abzeichen.de\/blog\/ursprung-karnevalstradition-dreigestirn\/#article","isPartOf":{"@id":"https:\/\/www.neumeyer-abzeichen.de\/blog\/ursprung-karnevalstradition-dreigestirn\/"},"author":{"name":"Tom","@id":"https:\/\/www.neumeyer-abzeichen.de\/blog\/#\/schema\/person\/eb9c2e569f3a2d01bc40b86b6af1be13"},"headline":"Ursprung der Karnevalstradition \u201eDreigestirn\u201c","datePublished":"2022-01-12T10:46:53+00:00","dateModified":"2025-04-22T08:23:23+00:00","mainEntityOfPage":{"@id":"https:\/\/www.neumeyer-abzeichen.de\/blog\/ursprung-karnevalstradition-dreigestirn\/"},"wordCount":997,"commentCount":0,"image":{"@id":"https:\/\/www.neumeyer-abzeichen.de\/blog\/ursprung-karnevalstradition-dreigestirn\/#primaryimage"},"thumbnailUrl":"https:\/\/www.neumeyer-abzeichen.de\/blog\/wp-content\/uploads\/2022\/01\/dreigestirn-koeln.jpg","keywords":["Fasching","karne","Karneval","Karnevalsorden","Karnevalsuniformen","K\u00f6lner Dreigestirn"],"articleSection":{"1":"Anstecker\/Pins","2":"Karneval"},"inLanguage":"de","potentialAction":[{"@type":"CommentAction","name":"Comment","target":["https:\/\/www.neumeyer-abzeichen.de\/blog\/ursprung-karnevalstradition-dreigestirn\/#respond"]}]},{"@type":"WebPage","@id":"https:\/\/www.neumeyer-abzeichen.de\/blog\/ursprung-karnevalstradition-dreigestirn\/","url":"https:\/\/www.neumeyer-abzeichen.de\/blog\/ursprung-karnevalstradition-dreigestirn\/","name":"Ursprung des K\u00f6lner Dreigestirns","isPartOf":{"@id":"https:\/\/www.neumeyer-abzeichen.de\/blog\/#website"},"primaryImageOfPage":{"@id":"https:\/\/www.neumeyer-abzeichen.de\/blog\/ursprung-karnevalstradition-dreigestirn\/#primaryimage"},"image":{"@id":"https:\/\/www.neumeyer-abzeichen.de\/blog\/ursprung-karnevalstradition-dreigestirn\/#primaryimage"},"thumbnailUrl":"https:\/\/www.neumeyer-abzeichen.de\/blog\/wp-content\/uploads\/2022\/01\/dreigestirn-koeln.jpg","datePublished":"2022-01-12T10:46:53+00:00","dateModified":"2025-04-22T08:23:23+00:00","author":{"@id":"https:\/\/www.neumeyer-abzeichen.de\/blog\/#\/schema\/person\/eb9c2e569f3a2d01bc40b86b6af1be13"},"description":"K\u00f6lner Dreigestirn: Wie entstand es? Warum Prinz, Bauer und Jungfrau? Antworten finden Sie im Versandhaus Neumeyer-Abzeichen e.K. Blog","breadcrumb":{"@id":"https:\/\/www.neumeyer-abzeichen.de\/blog\/ursprung-karnevalstradition-dreigestirn\/#breadcrumb"},"inLanguage":"de","potentialAction":[{"@type":"ReadAction","target":["https:\/\/www.neumeyer-abzeichen.de\/blog\/ursprung-karnevalstradition-dreigestirn\/"]}]},{"@type":"ImageObject","inLanguage":"de","@id":"https:\/\/www.neumeyer-abzeichen.de\/blog\/ursprung-karnevalstradition-dreigestirn\/#primaryimage","url":"https:\/\/www.neumeyer-abzeichen.de\/blog\/wp-content\/uploads\/2022\/01\/dreigestirn-koeln.jpg","contentUrl":"https:\/\/www.neumeyer-abzeichen.de\/blog\/wp-content\/uploads\/2022\/01\/dreigestirn-koeln.jpg","width":1024,"height":682,"caption":"K\u00f6lner Dreigestirn"},{"@type":"BreadcrumbList","@id":"https:\/\/www.neumeyer-abzeichen.de\/blog\/ursprung-karnevalstradition-dreigestirn\/#breadcrumb","itemListElement":[{"@type":"ListItem","position":1,"name":"Home","item":"https:\/\/www.neumeyer-abzeichen.de\/blog\/"},{"@type":"ListItem","position":2,"name":"Ursprung der Karnevalstradition \u201eDreigestirn\u201c"}]},{"@type":"WebSite","@id":"https:\/\/www.neumeyer-abzeichen.de\/blog\/#website","url":"https:\/\/www.neumeyer-abzeichen.de\/blog\/","name":"Neumeyer-Abzeichen-Blog","description":"Der Abzeichen- und Fanartikel-Blog","potentialAction":[{"@type":"SearchAction","target":{"@type":"EntryPoint","urlTemplate":"https:\/\/www.neumeyer-abzeichen.de\/blog\/?s={search_term_string}"},"query-input":{"@type":"PropertyValueSpecification","valueRequired":true,"valueName":"search_term_string"}}],"inLanguage":"de"},{"@type":"Person","@id":"https:\/\/www.neumeyer-abzeichen.de\/blog\/#\/schema\/person\/eb9c2e569f3a2d01bc40b86b6af1be13","name":"Tom","image":{"@type":"ImageObject","inLanguage":"de","@id":"https:\/\/secure.gravatar.com\/avatar\/87871f34e68fada81c8b2d10de871853f840bd8f0ad7aff2ea65fb4c2a471f27?s=96&d=mm&r=g","url":"https:\/\/secure.gravatar.com\/avatar\/87871f34e68fada81c8b2d10de871853f840bd8f0ad7aff2ea65fb4c2a471f27?s=96&d=mm&r=g","contentUrl":"https:\/\/secure.gravatar.com\/avatar\/87871f34e68fada81c8b2d10de871853f840bd8f0ad7aff2ea65fb4c2a471f27?s=96&d=mm&r=g","caption":"Tom"},"url":"https:\/\/www.neumeyer-abzeichen.de\/blog\/author\/tom\/"}]}},"_links":{"self":[{"href":"https:\/\/www.neumeyer-abzeichen.de\/blog\/wp-json\/wp\/v2\/posts\/2302","targetHints":{"allow":["GET"]}}],"collection":[{"href":"https:\/\/www.neumeyer-abzeichen.de\/blog\/wp-json\/wp\/v2\/posts"}],"about":[{"href":"https:\/\/www.neumeyer-abzeichen.de\/blog\/wp-json\/wp\/v2\/types\/post"}],"author":[{"embeddable":true,"href":"https:\/\/www.neumeyer-abzeichen.de\/blog\/wp-json\/wp\/v2\/users\/1"}],"replies":[{"embeddable":true,"href":"https:\/\/www.neumeyer-abzeichen.de\/blog\/wp-json\/wp\/v2\/comments?post=2302"}],"version-history":[{"count":7,"href":"https:\/\/www.neumeyer-abzeichen.de\/blog\/wp-json\/wp\/v2\/posts\/2302\/revisions"}],"predecessor-version":[{"id":3067,"href":"https:\/\/www.neumeyer-abzeichen.de\/blog\/wp-json\/wp\/v2\/posts\/2302\/revisions\/3067"}],"wp:featuredmedia":[{"embeddable":true,"href":"https:\/\/www.neumeyer-abzeichen.de\/blog\/wp-json\/wp\/v2\/media\/2304"}],"wp:attachment":[{"href":"https:\/\/www.neumeyer-abzeichen.de\/blog\/wp-json\/wp\/v2\/media?parent=2302"}],"wp:term":[{"taxonomy":"category","embeddable":true,"href":"https:\/\/www.neumeyer-abzeichen.de\/blog\/wp-json\/wp\/v2\/categories?post=2302"},{"taxonomy":"post_tag","embeddable":true,"href":"https:\/\/www.neumeyer-abzeichen.de\/blog\/wp-json\/wp\/v2\/tags?post=2302"}],"curies":[{"name":"wp","href":"https:\/\/api.w.org\/{rel}","templated":true}]}}