{"id":1881,"date":"2020-05-19T12:10:59","date_gmt":"2020-05-19T10:10:59","guid":{"rendered":"https:\/\/www.neumeyer-abzeichen.de\/blog\/?p=1881"},"modified":"2022-08-31T08:25:35","modified_gmt":"2022-08-31T06:25:35","slug":"fahnen-im-kleingarten-was-ist-erlaubt-was-ist-verboten","status":"publish","type":"post","link":"https:\/\/www.neumeyer-abzeichen.de\/blog\/fahnen-im-kleingarten-was-ist-erlaubt-was-ist-verboten\/","title":{"rendered":"Fahnen im Kleingarten \u2013 was ist erlaubt, was ist verboten?"},"content":{"rendered":"\r\n<div class=\"wp-block-image\">\u00a0<\/div>\r\n<p><a href=\"https:\/\/www.neumeyer-abzeichen.de\/blog\/wp-content\/uploads\/2020\/05\/schrebergarten-fahnen.jpg\"><img fetchpriority=\"high\" decoding=\"async\" class=\"alignleft size-medium wp-image-1882\" src=\"https:\/\/www.neumeyer-abzeichen.de\/blog\/wp-content\/uploads\/2020\/05\/schrebergarten-fahnen-300x200.jpg\" alt=\"\" width=\"300\" height=\"200\" srcset=\"https:\/\/www.neumeyer-abzeichen.de\/blog\/wp-content\/uploads\/2020\/05\/schrebergarten-fahnen-300x200.jpg 300w, https:\/\/www.neumeyer-abzeichen.de\/blog\/wp-content\/uploads\/2020\/05\/schrebergarten-fahnen-768x512.jpg 768w, https:\/\/www.neumeyer-abzeichen.de\/blog\/wp-content\/uploads\/2020\/05\/schrebergarten-fahnen.jpg 1024w\" sizes=\"(max-width: 300px) 100vw, 300px\" \/><\/a>Zu Fu\u00dfball Weltmeisterschaften oder Europameisterschaften sind <a href=\"https:\/\/www.neumeyer-abzeichen.de\/fahnen.htm\" target=\"_blank\" rel=\"noreferrer noopener\">Fahnen<\/a> im Schrebergarten besonders zahlreich vertreten. Aber auch \u00fcber diese Ereignisse hinaus sind <strong>Fahnen im Kleingarten<\/strong> recht h\u00e4ufig anzutreffen, insbesondere die vom bevorzugten Fu\u00dfball-Verein oder als <a href=\"https:\/\/www.neumeyer-abzeichen.de\/fahnen-bundeslaenderfahnen.htm\" target=\"_blank\" rel=\"noreferrer noopener\">Bundesl\u00e4nderfahne<\/a>.<\/p>\r\n\r\n\r\n\r\n<p>Doch wie sieht es eigentlich mit den <strong>Vorschriften zum Fahnen hissen oder Fahnen aufh\u00e4ngen im Garten aus<\/strong>? Gerade in Kleingartenanlagen, die bekannterma\u00dfen zahlreichen Regelungen unterliegen, sind eher strenge Vorschriften hinsichtlich wehender Fahnen zu vermuten. Ob das stimmt, zeigen wir im heutigen Beitrag.<\/p>\r\n\r\n\r\n\r\n<h2 class=\"wp-block-heading\">Was alles in deutschen Kleing\u00e4rten flattern darf \u2013 Vorschriften zu Fahnenmast und Fahnenmotiv<\/h2>\r\n\r\n\r\n\r\n<p>Auf dem eigenen Grundst\u00fcck darf grunds\u00e4tzlich jeder Fahnen hissen oder Flaggen aufh\u00e4ngen. Bei einer Kleingartenanlage handelt es sich jedoch in der Regel um Pachtfl\u00e4chen, deren Nutzung, Bebauung usw. an zahlreiche Vorgaben gekn\u00fcpft ist. Und das kann sich wiederum darauf auswirken, ob die Fahne in der eigenen Parzelle erlaubt ist.<\/p>\r\n\r\n\r\n\r\n<p>Zugleich unterliegen die Fahnen im Kleingarten gesetzlichen Vorgaben, die auch au\u00dferhalb der Kleingartenanlage gelten. Dazu geh\u00f6ren die Vorschriften zur Befestigung des <a href=\"https:\/\/www.fahnenmasten-shop.de\/\" target=\"_blank\" rel=\"noreferrer noopener\">Fahnenmasts<\/a> und den Motiven der Fahne:<\/p>\r\n\r\n\r\n\r\n<h3 class=\"wp-block-heading\">Das m\u00fcssen Sie beim Errichten des Fahnenmasts beachten<\/h3>\r\n\r\n\r\n\r\n<p>Auch f\u00fcr den Schrebergarten gilt: <strong>Sie ben\u00f6tigen f\u00fcr den Fahnenmast ein Fundament<\/strong>. In der Regel wird darin eine Bodenh\u00fclse eingebettet, sodass der Mast bei Bedarf wieder entfernt werden kann.<\/p>\r\n\r\n\r\n\r\n<p>Bei der Masth\u00f6he machen die Bau\u00e4mter der jeweiligen St\u00e4dte und Gemeinden unterschiedliche Vorgaben. Einen \u00dcberblick zu den Vorgaben erhalten Sie in folgender Liste: <a href=\"https:\/\/www.neumeyer-abzeichen.de\/upload\/pdf\/Genehmigungsregelungen.pdf\" target=\"_blank\" rel=\"noreferrer noopener\">Gesetzesvorlagen der Bundesl\u00e4nder f\u00fcr Fahnenmasten<\/a>.<\/p>\r\n\r\n\r\n\r\n<h3 class=\"wp-block-heading\">Welche Fahnenmotive sind erlaubt, welche nicht?<\/h3>\r\n\r\n\r\n\r\n<div class=\"wp-block-image\">\r\n<figure class=\"alignright size-large is-resized\"><a href=\"https:\/\/www.neumeyer-abzeichen.de\/laenderfahnen.htm\"><img decoding=\"async\" class=\"wp-image-1883\" src=\"https:\/\/www.neumeyer-abzeichen.de\/blog\/wp-content\/uploads\/2020\/05\/laenderfahnen-flaggen.jpg\" alt=\"\" width=\"196\" height=\"433\" srcset=\"https:\/\/www.neumeyer-abzeichen.de\/blog\/wp-content\/uploads\/2020\/05\/laenderfahnen-flaggen.jpg 257w, https:\/\/www.neumeyer-abzeichen.de\/blog\/wp-content\/uploads\/2020\/05\/laenderfahnen-flaggen-136x300.jpg 136w\" sizes=\"(max-width: 196px) 100vw, 196px\" \/><\/a>\r\n<figcaption>L\u00e4nderfahnen im Kleingarten<\/figcaption>\r\n<\/figure>\r\n<\/div>\r\n\r\n\r\n\r\n<p>Als Privatperson m\u00fcssen Sie keine Genehmigung zum Fahnen hissen einholen und d\u00fcrfen <a href=\"https:\/\/www.neumeyer-abzeichen.de\/laenderfahnen.htm\" target=\"_blank\" rel=\"noreferrer noopener\">L\u00e4nderflaggen<\/a> ebenso im Wind wehen lassen wie Bundesl\u00e4nderflaggen, beliebige <a href=\"https:\/\/www.neumeyer-abzeichen.de\/fahnen-sportvereinsfahnen.htm\" target=\"_blank\" rel=\"noreferrer noopener\">Flaggen vom Sportclub<\/a> oder <a href=\"https:\/\/www.neumeyer-abzeichen.de\/individuelle-fahnen.htm\" target=\"_blank\" rel=\"noreferrer noopener\">individuell bedruckte Fahnen<\/a>. Wichtig ist nur, dass die Fahne <strong>keine verbotenen Symbole oder verbotenen Embleme beinhaltet.<\/strong><\/p>\r\n\r\n\r\n\r\n<p>So sind Nationalflaggen grunds\u00e4tzlich erlaubt, egal ob es sich um die schwarz-rot-goldene oder die einer anderen Nation handelt. Allerdings sind nur die reinen dreifarbigen Deutschlandflaggen erlaubt \u2013 <strong>ohne Bundesadler und ohne zus\u00e4tzliches Wappen<\/strong>. Diese Fahnen d\u00fcrfen nur Bundesbeh\u00f6rden verwenden.<\/p>\r\n\r\n\r\n\r\n<p>Verboten sind weiterhin Fahnen mit einem nationalsozialistischen oder extremistischen Bezug, sowohl in farblicher Hinsicht als auch in Hinblick auf die entsprechenden Symbole.<\/p>\r\n\r\n\r\n\r\n<p><strong>Verboten sind daher z.B.:<\/strong><\/p>\r\n\r\n\r\n\r\n<ul class=\"wp-block-list\">\r\n<li>Reichkriegsflagge<\/li>\r\n<li>Hakenkreuz<\/li>\r\n<li>SS-Symbole<\/li>\r\n<li>bestimmte Runenzeichen sowie abge\u00e4nderte Runenzeichen<\/li>\r\n<li>schwarz-wei\u00df-rote Flaggen \u2013 Farben des ehemaligen Deutschen Reichs<\/li>\r\n<\/ul>\r\n\r\n\r\n\r\n<h2 class=\"wp-block-heading\">Zus\u00e4tzlich spezielle Vorschriften der Kleingartenanlage beachten<\/h2>\r\n\r\n\r\n\r\n<p>\u00dcber die allgemeing\u00fcltigen Vorschriften\/Verbote hinaus m\u00fcssen Sie bei Fahnen im Kleingarten die jeweilige <strong>Satzung der Kleingartenanlage beachten<\/strong>. Darin finden Sie bspw. Regelungen zu folgenden Fahnen-Aspekten:<\/p>\r\n\r\n\r\n\r\n<ul class=\"wp-block-list\">\r\n<li>zur maximalen H\u00f6he des Fahnenmasts (in der Regel nicht mehr als 5 Meter)<\/li>\r\n<li>zum Aufstellort des Fahnenmasts \u2013 z.B. Abstand zur Nachbarparzelle, Beschr\u00e4nkung auf den Bereich der Gartenlaube<\/li>\r\n<li>zu eingeschr\u00e4nkten Zeiten: Hissen der Fahne ist nur bei Aufenthalt im Garten erlaubt \u2013 aufgrund der Ger\u00e4uschentwicklung und ggf. St\u00f6rung anderer Gartenbesitzer<\/li>\r\n<li>Errichtung des Fundaments: erfordert in den meisten Satzungen eine Genehmigung<\/li>\r\n<\/ul>\r\n\r\n\r\n\r\n<p>Ein Blick in die Vereinssatzung Ihrer Gartenanlage schafft Klarheit. Im Zweifelsfall fragen Sie besser den Vorstand bzw. holen Sie sich die Erlaubnis zum Fahnen aufh\u00e4ngen oder Flagge hissen im Kleingarten ein.<\/p>\r\n\r\n\r\n\r\n<p>Und selbst wenn Sie mit der Fahne nicht gegen Vorschriften des Schrebergartenvereins versto\u00dfen, sollten <strong>vorher lieber noch einmal Ihre Gartennachbarn fragen, um Streit von Vornherein zu vermeiden<\/strong>.<\/p>\r\n\r\n\r\n\r\n<p><strong>Bildquelle:<\/strong><\/p>\r\n\r\n\r\n\r\n<p>\u00a9<a href=\"https:\/\/stock.adobe.com\/de\/images\/schrebergarten\/176118230?asset_id=176118230\" target=\"_blank\" rel=\"noreferrer noopener\">focus finder <\/a>\u2013 stock.adobe.com<\/p>\r\n\r\n\r\n\r\n<p>&nbsp;<\/p>\r\n","protected":false},"excerpt":{"rendered":"<p>Doch wie sieht es eigentlich mit den Vorschriften zum Fahnen hissen oder Fahnen aufh\u00e4ngen im Garten aus? Gerade in Kleingartenanlagen, die bekannterma\u00dfen zahlreichen Regelungen unterliegen, sind eher strenge Vorschriften hinsichtlich wehender Fahnen zu vermuten. Ob das stimmt, zeigen wir im heutigen Beitrag. Was alles in deutschen Kleing\u00e4rten flattern darf \u2013 Vorschriften zu Fahnenmast und Fahnenmotiv [&hellip;]<\/p>\n","protected":false},"author":1,"featured_media":1882,"comment_status":"open","ping_status":"open","sticky":false,"template":"","format":"standard","meta":{"footnotes":""},"categories":[1,25,20],"tags":[],"class_list":["post-1881","post","type-post","status-publish","format-standard","has-post-thumbnail","hentry","category-allgemein","category-fahnen-flaggen","category-fahnenmasten"],"yoast_head":"<!-- This site is optimized with the Yoast SEO Premium plugin v26.0 (Yoast SEO v27.5) - https:\/\/yoast.com\/product\/yoast-seo-premium-wordpress\/ -->\n<title>Fahnen im Kleingarten: Gibt es Beschr\u00e4nkungen?<\/title>\n<meta name=\"description\" content=\"\u00dcberblick zu Fahnen im Kleingarten: Was m\u00fcssen Kleing\u00e4rtner bei Fahnenmast, Fahnenmotiv und Co. beachten? Versandhaus Neumeyer-Abzeichen e.K. Blog\" \/>\n<meta name=\"robots\" content=\"index, follow, max-snippet:-1, max-image-preview:large, max-video-preview:-1\" \/>\n<link rel=\"canonical\" href=\"https:\/\/www.neumeyer-abzeichen.de\/blog\/fahnen-im-kleingarten-was-ist-erlaubt-was-ist-verboten\/\" \/>\n<meta property=\"og:locale\" content=\"de_DE\" \/>\n<meta property=\"og:type\" content=\"article\" \/>\n<meta property=\"og:title\" content=\"Fahnen im Kleingarten \u2013 was ist erlaubt, was ist verboten?\" \/>\n<meta property=\"og:description\" content=\"\u00dcberblick zu Fahnen im Kleingarten: Was m\u00fcssen Kleing\u00e4rtner bei Fahnenmast, Fahnenmotiv und Co. beachten? Versandhaus Neumeyer-Abzeichen e.K. Blog\" \/>\n<meta property=\"og:url\" content=\"https:\/\/www.neumeyer-abzeichen.de\/blog\/fahnen-im-kleingarten-was-ist-erlaubt-was-ist-verboten\/\" \/>\n<meta property=\"og:site_name\" content=\"Neumeyer-Abzeichen-Blog\" \/>\n<meta property=\"article:published_time\" content=\"2020-05-19T10:10:59+00:00\" \/>\n<meta property=\"article:modified_time\" content=\"2022-08-31T06:25:35+00:00\" \/>\n<meta property=\"og:image\" content=\"https:\/\/www.neumeyer-abzeichen.de\/blog\/wp-content\/uploads\/2020\/05\/schrebergarten-fahnen.jpg\" \/>\n\t<meta property=\"og:image:width\" content=\"1024\" \/>\n\t<meta property=\"og:image:height\" content=\"682\" \/>\n\t<meta property=\"og:image:type\" content=\"image\/jpeg\" \/>\n<meta name=\"author\" content=\"Tom\" \/>\n<meta name=\"twitter:label1\" content=\"Verfasst von\" \/>\n\t<meta name=\"twitter:data1\" content=\"Tom\" \/>\n\t<meta name=\"twitter:label2\" content=\"Gesch\u00e4tzte Lesezeit\" \/>\n\t<meta name=\"twitter:data2\" content=\"4\u00a0Minuten\" \/>\n<script type=\"application\/ld+json\" class=\"yoast-schema-graph\">{\"@context\":\"https:\\\/\\\/schema.org\",\"@graph\":[{\"@type\":\"Article\",\"@id\":\"https:\\\/\\\/www.neumeyer-abzeichen.de\\\/blog\\\/fahnen-im-kleingarten-was-ist-erlaubt-was-ist-verboten\\\/#article\",\"isPartOf\":{\"@id\":\"https:\\\/\\\/www.neumeyer-abzeichen.de\\\/blog\\\/fahnen-im-kleingarten-was-ist-erlaubt-was-ist-verboten\\\/\"},\"author\":{\"name\":\"Tom\",\"@id\":\"https:\\\/\\\/www.neumeyer-abzeichen.de\\\/blog\\\/#\\\/schema\\\/person\\\/eb9c2e569f3a2d01bc40b86b6af1be13\"},\"headline\":\"Fahnen im Kleingarten \u2013 was ist erlaubt, was ist verboten?\",\"datePublished\":\"2020-05-19T10:10:59+00:00\",\"dateModified\":\"2022-08-31T06:25:35+00:00\",\"mainEntityOfPage\":{\"@id\":\"https:\\\/\\\/www.neumeyer-abzeichen.de\\\/blog\\\/fahnen-im-kleingarten-was-ist-erlaubt-was-ist-verboten\\\/\"},\"wordCount\":567,\"commentCount\":0,\"image\":{\"@id\":\"https:\\\/\\\/www.neumeyer-abzeichen.de\\\/blog\\\/fahnen-im-kleingarten-was-ist-erlaubt-was-ist-verboten\\\/#primaryimage\"},\"thumbnailUrl\":\"https:\\\/\\\/www.neumeyer-abzeichen.de\\\/blog\\\/wp-content\\\/uploads\\\/2020\\\/05\\\/schrebergarten-fahnen.jpg\",\"articleSection\":{\"1\":\"Fahnen &amp; Flaggen\",\"2\":\"Fahnenmasten\"},\"inLanguage\":\"de\",\"potentialAction\":[{\"@type\":\"CommentAction\",\"name\":\"Comment\",\"target\":[\"https:\\\/\\\/www.neumeyer-abzeichen.de\\\/blog\\\/fahnen-im-kleingarten-was-ist-erlaubt-was-ist-verboten\\\/#respond\"]}]},{\"@type\":\"WebPage\",\"@id\":\"https:\\\/\\\/www.neumeyer-abzeichen.de\\\/blog\\\/fahnen-im-kleingarten-was-ist-erlaubt-was-ist-verboten\\\/\",\"url\":\"https:\\\/\\\/www.neumeyer-abzeichen.de\\\/blog\\\/fahnen-im-kleingarten-was-ist-erlaubt-was-ist-verboten\\\/\",\"name\":\"Fahnen im Kleingarten: Gibt es Beschr\u00e4nkungen?\",\"isPartOf\":{\"@id\":\"https:\\\/\\\/www.neumeyer-abzeichen.de\\\/blog\\\/#website\"},\"primaryImageOfPage\":{\"@id\":\"https:\\\/\\\/www.neumeyer-abzeichen.de\\\/blog\\\/fahnen-im-kleingarten-was-ist-erlaubt-was-ist-verboten\\\/#primaryimage\"},\"image\":{\"@id\":\"https:\\\/\\\/www.neumeyer-abzeichen.de\\\/blog\\\/fahnen-im-kleingarten-was-ist-erlaubt-was-ist-verboten\\\/#primaryimage\"},\"thumbnailUrl\":\"https:\\\/\\\/www.neumeyer-abzeichen.de\\\/blog\\\/wp-content\\\/uploads\\\/2020\\\/05\\\/schrebergarten-fahnen.jpg\",\"datePublished\":\"2020-05-19T10:10:59+00:00\",\"dateModified\":\"2022-08-31T06:25:35+00:00\",\"author\":{\"@id\":\"https:\\\/\\\/www.neumeyer-abzeichen.de\\\/blog\\\/#\\\/schema\\\/person\\\/eb9c2e569f3a2d01bc40b86b6af1be13\"},\"description\":\"\u00dcberblick zu Fahnen im Kleingarten: Was m\u00fcssen Kleing\u00e4rtner bei Fahnenmast, Fahnenmotiv und Co. beachten? Versandhaus Neumeyer-Abzeichen e.K. Blog\",\"breadcrumb\":{\"@id\":\"https:\\\/\\\/www.neumeyer-abzeichen.de\\\/blog\\\/fahnen-im-kleingarten-was-ist-erlaubt-was-ist-verboten\\\/#breadcrumb\"},\"inLanguage\":\"de\",\"potentialAction\":[{\"@type\":\"ReadAction\",\"target\":[\"https:\\\/\\\/www.neumeyer-abzeichen.de\\\/blog\\\/fahnen-im-kleingarten-was-ist-erlaubt-was-ist-verboten\\\/\"]}]},{\"@type\":\"ImageObject\",\"inLanguage\":\"de\",\"@id\":\"https:\\\/\\\/www.neumeyer-abzeichen.de\\\/blog\\\/fahnen-im-kleingarten-was-ist-erlaubt-was-ist-verboten\\\/#primaryimage\",\"url\":\"https:\\\/\\\/www.neumeyer-abzeichen.de\\\/blog\\\/wp-content\\\/uploads\\\/2020\\\/05\\\/schrebergarten-fahnen.jpg\",\"contentUrl\":\"https:\\\/\\\/www.neumeyer-abzeichen.de\\\/blog\\\/wp-content\\\/uploads\\\/2020\\\/05\\\/schrebergarten-fahnen.jpg\",\"width\":1024,\"height\":682},{\"@type\":\"BreadcrumbList\",\"@id\":\"https:\\\/\\\/www.neumeyer-abzeichen.de\\\/blog\\\/fahnen-im-kleingarten-was-ist-erlaubt-was-ist-verboten\\\/#breadcrumb\",\"itemListElement\":[{\"@type\":\"ListItem\",\"position\":1,\"name\":\"Home\",\"item\":\"https:\\\/\\\/www.neumeyer-abzeichen.de\\\/blog\\\/\"},{\"@type\":\"ListItem\",\"position\":2,\"name\":\"Fahnen im Kleingarten \u2013 was ist erlaubt, was ist verboten?\"}]},{\"@type\":\"WebSite\",\"@id\":\"https:\\\/\\\/www.neumeyer-abzeichen.de\\\/blog\\\/#website\",\"url\":\"https:\\\/\\\/www.neumeyer-abzeichen.de\\\/blog\\\/\",\"name\":\"Neumeyer-Abzeichen-Blog\",\"description\":\"Der Abzeichen- und Fanartikel-Blog\",\"potentialAction\":[{\"@type\":\"SearchAction\",\"target\":{\"@type\":\"EntryPoint\",\"urlTemplate\":\"https:\\\/\\\/www.neumeyer-abzeichen.de\\\/blog\\\/?s={search_term_string}\"},\"query-input\":{\"@type\":\"PropertyValueSpecification\",\"valueRequired\":true,\"valueName\":\"search_term_string\"}}],\"inLanguage\":\"de\"},{\"@type\":\"Person\",\"@id\":\"https:\\\/\\\/www.neumeyer-abzeichen.de\\\/blog\\\/#\\\/schema\\\/person\\\/eb9c2e569f3a2d01bc40b86b6af1be13\",\"name\":\"Tom\",\"image\":{\"@type\":\"ImageObject\",\"inLanguage\":\"de\",\"@id\":\"https:\\\/\\\/secure.gravatar.com\\\/avatar\\\/87871f34e68fada81c8b2d10de871853f840bd8f0ad7aff2ea65fb4c2a471f27?s=96&d=mm&r=g\",\"url\":\"https:\\\/\\\/secure.gravatar.com\\\/avatar\\\/87871f34e68fada81c8b2d10de871853f840bd8f0ad7aff2ea65fb4c2a471f27?s=96&d=mm&r=g\",\"contentUrl\":\"https:\\\/\\\/secure.gravatar.com\\\/avatar\\\/87871f34e68fada81c8b2d10de871853f840bd8f0ad7aff2ea65fb4c2a471f27?s=96&d=mm&r=g\",\"caption\":\"Tom\"},\"url\":\"https:\\\/\\\/www.neumeyer-abzeichen.de\\\/blog\\\/author\\\/tom\\\/\"}]}<\/script>\n<!-- \/ Yoast SEO Premium plugin. -->","yoast_head_json":{"title":"Fahnen im Kleingarten: Gibt es Beschr\u00e4nkungen?","description":"\u00dcberblick zu Fahnen im Kleingarten: Was m\u00fcssen Kleing\u00e4rtner bei Fahnenmast, Fahnenmotiv und Co. beachten? Versandhaus Neumeyer-Abzeichen e.K. Blog","robots":{"index":"index","follow":"follow","max-snippet":"max-snippet:-1","max-image-preview":"max-image-preview:large","max-video-preview":"max-video-preview:-1"},"canonical":"https:\/\/www.neumeyer-abzeichen.de\/blog\/fahnen-im-kleingarten-was-ist-erlaubt-was-ist-verboten\/","og_locale":"de_DE","og_type":"article","og_title":"Fahnen im Kleingarten \u2013 was ist erlaubt, was ist verboten?","og_description":"\u00dcberblick zu Fahnen im Kleingarten: Was m\u00fcssen Kleing\u00e4rtner bei Fahnenmast, Fahnenmotiv und Co. beachten? Versandhaus Neumeyer-Abzeichen e.K. Blog","og_url":"https:\/\/www.neumeyer-abzeichen.de\/blog\/fahnen-im-kleingarten-was-ist-erlaubt-was-ist-verboten\/","og_site_name":"Neumeyer-Abzeichen-Blog","article_published_time":"2020-05-19T10:10:59+00:00","article_modified_time":"2022-08-31T06:25:35+00:00","og_image":[{"width":1024,"height":682,"url":"https:\/\/www.neumeyer-abzeichen.de\/blog\/wp-content\/uploads\/2020\/05\/schrebergarten-fahnen.jpg","type":"image\/jpeg"}],"author":"Tom","twitter_misc":{"Verfasst von":"Tom","Gesch\u00e4tzte Lesezeit":"4\u00a0Minuten"},"schema":{"@context":"https:\/\/schema.org","@graph":[{"@type":"Article","@id":"https:\/\/www.neumeyer-abzeichen.de\/blog\/fahnen-im-kleingarten-was-ist-erlaubt-was-ist-verboten\/#article","isPartOf":{"@id":"https:\/\/www.neumeyer-abzeichen.de\/blog\/fahnen-im-kleingarten-was-ist-erlaubt-was-ist-verboten\/"},"author":{"name":"Tom","@id":"https:\/\/www.neumeyer-abzeichen.de\/blog\/#\/schema\/person\/eb9c2e569f3a2d01bc40b86b6af1be13"},"headline":"Fahnen im Kleingarten \u2013 was ist erlaubt, was ist verboten?","datePublished":"2020-05-19T10:10:59+00:00","dateModified":"2022-08-31T06:25:35+00:00","mainEntityOfPage":{"@id":"https:\/\/www.neumeyer-abzeichen.de\/blog\/fahnen-im-kleingarten-was-ist-erlaubt-was-ist-verboten\/"},"wordCount":567,"commentCount":0,"image":{"@id":"https:\/\/www.neumeyer-abzeichen.de\/blog\/fahnen-im-kleingarten-was-ist-erlaubt-was-ist-verboten\/#primaryimage"},"thumbnailUrl":"https:\/\/www.neumeyer-abzeichen.de\/blog\/wp-content\/uploads\/2020\/05\/schrebergarten-fahnen.jpg","articleSection":{"1":"Fahnen &amp; Flaggen","2":"Fahnenmasten"},"inLanguage":"de","potentialAction":[{"@type":"CommentAction","name":"Comment","target":["https:\/\/www.neumeyer-abzeichen.de\/blog\/fahnen-im-kleingarten-was-ist-erlaubt-was-ist-verboten\/#respond"]}]},{"@type":"WebPage","@id":"https:\/\/www.neumeyer-abzeichen.de\/blog\/fahnen-im-kleingarten-was-ist-erlaubt-was-ist-verboten\/","url":"https:\/\/www.neumeyer-abzeichen.de\/blog\/fahnen-im-kleingarten-was-ist-erlaubt-was-ist-verboten\/","name":"Fahnen im Kleingarten: Gibt es Beschr\u00e4nkungen?","isPartOf":{"@id":"https:\/\/www.neumeyer-abzeichen.de\/blog\/#website"},"primaryImageOfPage":{"@id":"https:\/\/www.neumeyer-abzeichen.de\/blog\/fahnen-im-kleingarten-was-ist-erlaubt-was-ist-verboten\/#primaryimage"},"image":{"@id":"https:\/\/www.neumeyer-abzeichen.de\/blog\/fahnen-im-kleingarten-was-ist-erlaubt-was-ist-verboten\/#primaryimage"},"thumbnailUrl":"https:\/\/www.neumeyer-abzeichen.de\/blog\/wp-content\/uploads\/2020\/05\/schrebergarten-fahnen.jpg","datePublished":"2020-05-19T10:10:59+00:00","dateModified":"2022-08-31T06:25:35+00:00","author":{"@id":"https:\/\/www.neumeyer-abzeichen.de\/blog\/#\/schema\/person\/eb9c2e569f3a2d01bc40b86b6af1be13"},"description":"\u00dcberblick zu Fahnen im Kleingarten: Was m\u00fcssen Kleing\u00e4rtner bei Fahnenmast, Fahnenmotiv und Co. beachten? Versandhaus Neumeyer-Abzeichen e.K. Blog","breadcrumb":{"@id":"https:\/\/www.neumeyer-abzeichen.de\/blog\/fahnen-im-kleingarten-was-ist-erlaubt-was-ist-verboten\/#breadcrumb"},"inLanguage":"de","potentialAction":[{"@type":"ReadAction","target":["https:\/\/www.neumeyer-abzeichen.de\/blog\/fahnen-im-kleingarten-was-ist-erlaubt-was-ist-verboten\/"]}]},{"@type":"ImageObject","inLanguage":"de","@id":"https:\/\/www.neumeyer-abzeichen.de\/blog\/fahnen-im-kleingarten-was-ist-erlaubt-was-ist-verboten\/#primaryimage","url":"https:\/\/www.neumeyer-abzeichen.de\/blog\/wp-content\/uploads\/2020\/05\/schrebergarten-fahnen.jpg","contentUrl":"https:\/\/www.neumeyer-abzeichen.de\/blog\/wp-content\/uploads\/2020\/05\/schrebergarten-fahnen.jpg","width":1024,"height":682},{"@type":"BreadcrumbList","@id":"https:\/\/www.neumeyer-abzeichen.de\/blog\/fahnen-im-kleingarten-was-ist-erlaubt-was-ist-verboten\/#breadcrumb","itemListElement":[{"@type":"ListItem","position":1,"name":"Home","item":"https:\/\/www.neumeyer-abzeichen.de\/blog\/"},{"@type":"ListItem","position":2,"name":"Fahnen im Kleingarten \u2013 was ist erlaubt, was ist verboten?"}]},{"@type":"WebSite","@id":"https:\/\/www.neumeyer-abzeichen.de\/blog\/#website","url":"https:\/\/www.neumeyer-abzeichen.de\/blog\/","name":"Neumeyer-Abzeichen-Blog","description":"Der Abzeichen- und Fanartikel-Blog","potentialAction":[{"@type":"SearchAction","target":{"@type":"EntryPoint","urlTemplate":"https:\/\/www.neumeyer-abzeichen.de\/blog\/?s={search_term_string}"},"query-input":{"@type":"PropertyValueSpecification","valueRequired":true,"valueName":"search_term_string"}}],"inLanguage":"de"},{"@type":"Person","@id":"https:\/\/www.neumeyer-abzeichen.de\/blog\/#\/schema\/person\/eb9c2e569f3a2d01bc40b86b6af1be13","name":"Tom","image":{"@type":"ImageObject","inLanguage":"de","@id":"https:\/\/secure.gravatar.com\/avatar\/87871f34e68fada81c8b2d10de871853f840bd8f0ad7aff2ea65fb4c2a471f27?s=96&d=mm&r=g","url":"https:\/\/secure.gravatar.com\/avatar\/87871f34e68fada81c8b2d10de871853f840bd8f0ad7aff2ea65fb4c2a471f27?s=96&d=mm&r=g","contentUrl":"https:\/\/secure.gravatar.com\/avatar\/87871f34e68fada81c8b2d10de871853f840bd8f0ad7aff2ea65fb4c2a471f27?s=96&d=mm&r=g","caption":"Tom"},"url":"https:\/\/www.neumeyer-abzeichen.de\/blog\/author\/tom\/"}]}},"_links":{"self":[{"href":"https:\/\/www.neumeyer-abzeichen.de\/blog\/wp-json\/wp\/v2\/posts\/1881","targetHints":{"allow":["GET"]}}],"collection":[{"href":"https:\/\/www.neumeyer-abzeichen.de\/blog\/wp-json\/wp\/v2\/posts"}],"about":[{"href":"https:\/\/www.neumeyer-abzeichen.de\/blog\/wp-json\/wp\/v2\/types\/post"}],"author":[{"embeddable":true,"href":"https:\/\/www.neumeyer-abzeichen.de\/blog\/wp-json\/wp\/v2\/users\/1"}],"replies":[{"embeddable":true,"href":"https:\/\/www.neumeyer-abzeichen.de\/blog\/wp-json\/wp\/v2\/comments?post=1881"}],"version-history":[{"count":5,"href":"https:\/\/www.neumeyer-abzeichen.de\/blog\/wp-json\/wp\/v2\/posts\/1881\/revisions"}],"predecessor-version":[{"id":2430,"href":"https:\/\/www.neumeyer-abzeichen.de\/blog\/wp-json\/wp\/v2\/posts\/1881\/revisions\/2430"}],"wp:featuredmedia":[{"embeddable":true,"href":"https:\/\/www.neumeyer-abzeichen.de\/blog\/wp-json\/wp\/v2\/media\/1882"}],"wp:attachment":[{"href":"https:\/\/www.neumeyer-abzeichen.de\/blog\/wp-json\/wp\/v2\/media?parent=1881"}],"wp:term":[{"taxonomy":"category","embeddable":true,"href":"https:\/\/www.neumeyer-abzeichen.de\/blog\/wp-json\/wp\/v2\/categories?post=1881"},{"taxonomy":"post_tag","embeddable":true,"href":"https:\/\/www.neumeyer-abzeichen.de\/blog\/wp-json\/wp\/v2\/tags?post=1881"}],"curies":[{"name":"wp","href":"https:\/\/api.w.org\/{rel}","templated":true}]}}