{"id":1244,"date":"2016-11-11T10:06:51","date_gmt":"2016-11-11T08:06:51","guid":{"rendered":"https:\/\/www.neumeyer-abzeichen.de\/blog\/?p=1244"},"modified":"2018-01-09T16:46:30","modified_gmt":"2018-01-09T14:46:30","slug":"warum-beginnt-am-11-11-um-11-11-uhr-karneval","status":"publish","type":"post","link":"https:\/\/www.neumeyer-abzeichen.de\/blog\/warum-beginnt-am-11-11-um-11-11-uhr-karneval\/","title":{"rendered":"Warum beginnt am 11.11 um 11.11 Uhr Karneval?"},"content":{"rendered":"<p><a href=\"https:\/\/www.neumeyer-abzeichen.de\/blog\/wp-content\/uploads\/2016\/11\/11.11.-Faschingsbeginn.jpg\"><img fetchpriority=\"high\" decoding=\"async\" class=\"alignright wp-image-1245 size-full\" src=\"https:\/\/www.neumeyer-abzeichen.de\/blog\/wp-content\/uploads\/2016\/11\/11.11.-Faschingsbeginn.jpg\" alt=\"11.11. Faschingsbeginn\" width=\"424\" height=\"313\" srcset=\"https:\/\/www.neumeyer-abzeichen.de\/blog\/wp-content\/uploads\/2016\/11\/11.11.-Faschingsbeginn.jpg 424w, https:\/\/www.neumeyer-abzeichen.de\/blog\/wp-content\/uploads\/2016\/11\/11.11.-Faschingsbeginn-300x221.jpg 300w\" sizes=\"(max-width: 424px) 100vw, 424px\" \/><\/a>Der 11. November ist f\u00fcr Karnevalisten ein ganz besonderes Datum, denn p\u00fcnktlich um 11.11 Uhr ist der offizielle Beginn der j\u00e4hrlichen Karnevalszeit. In vielen Karnevalshochburgen wird dieser Zeitpunkt gro\u00df gefeiert. In K\u00f6ln pr\u00e4sentiert sich erstmals das Dreigestirn bestehend aus Prinzen, Bauern und Jungfrau und mehrere Tausende verkleidete Jecken feiern auf dem Heumarkt den Auftakt der Karnevalszeit, in Mainz werden an diesem Tag traditionell die sogenannten n\u00e4rrischen Grundgesetze verlesen und in D\u00fcsseldorf l\u00e4uten auf dem Rathausvorplatz unz\u00e4hligen Narren mit der Auferstehung des Erzschelms Hoppeditz die f\u00fcnfte Jahreszeit ein. Als Zeichen daf\u00fcr, dass die Herrschaft der Karnevalisten beginnt, werden zudem in vielen St\u00e4dten die Rath\u00e4user gest\u00fcrmt. Doch sobald der Start der Karnevalszeit mit Schunkeln, Singen, Kost\u00fcmen und Feiern eingeleitet ist, kehrt erst einmal wieder Ruhe ein. Selbst die Karnevalshochburgen am Rhein bleiben in der Zeit vom 12. November bis 5. Januar weitgehend karnevalsfrei. Erst nach dem 6. Januar starten dann die aktiven Karnevalsfeiern. Doch warum wurde nicht gleich ein Datum im Januar f\u00fcr den Faschingsbeginn gew\u00e4hlt? Es ranken sich viele Mythen um die Frage, wieso ausgerechnet am 11.11. um 11.11 Uhr die Faschingszeit beginnt.<!--more--><\/p>\n<p><strong>Feiern vor der Fastenzeit<\/strong><br \/>\nFr\u00fcher begann nach dem 11.11. (St. Martin) die sogenannte vierzigt\u00e4gige Winterfastenzeit. \u00c4hnlich wie am letzten Abend vor Aschermittwoch wurde an diesem Tag noch einmal deftig geschlemmt, um verderbliche Lebensmittel wie Fleisch Schmalz, Eier und Fett zu verzehren und das Leben noch einmal richtig zu genie\u00dfen, bevor eine Zeit voller Entbehrungen anbricht. Da die Festlichkeiten, Schlachtfeste und \u00fcppigen Gelage an die Feste zu Fastnacht erinnerten, erhielt dieser Tag die Bezeichnung \u201ekleine Fastnacht\u201c und galt deswegen als Beginn der Faschingszeit.<\/p>\n<p><strong>Die 11 als n\u00e4rrische Zahl<\/strong><br \/>\nZur Karneval soll die allt\u00e4gliche und strenge Ordnung der Welt aufgehoben werden, der Ernst des Lebens weicht Spa\u00df und Lebensfreude. Die Zahl Elf unterstreicht die Besonderheit und das Au\u00dfergew\u00f6hnliche des Festes, denn alleine im mathematischen Sinne ist sie schon eine Besonderheit. Sie ist nicht nur eine Schnapszahl, sondern zugleich auch eine Primzahl. Zudem gilt die 11 als n\u00e4rrische Zahl, weil sie genau zwischen bedeutungsvollen Zahlen aus der biblischen Zahlenmystik liegt. Die 11 wird als \u00dcberschreitung der von Gott gegebenen Zehn Gebote gesehen und symbolisiert S\u00fcnde, V\u00f6llerei und Ma\u00dflosigkeit. Da im Mittelalter jeder als n\u00e4rrisch bezeichnet wurde, der die Gebote \u00fcberschritt, erhielt diese Zahl den Ruf als Narrenzahl. Aber nicht nur in der Bibel spielt die 10 eine gro\u00dfe Rolle. Bei der Steuer wurde fr\u00fcher der 10. Teil als Abgabe gezahlt und auch physisch gesehen steht die Zahl 10 f\u00fcr das Perfekte, da der Mensch 10 Finger und Zehen hat. Auch der Nachfolger der 11 ist wieder eine m\u00e4chtige Zahl, denn die 12 entspricht der Anzahl der Apostel und steht gleichzeitig f\u00fcr den Neubeginn, weil nach 12 Monaten und nach der 12. Stunde in der Nacht das Alte geht und Neues kommt.<\/p>\n<p><strong>Die Abk\u00fcrzung eines Wahlslogans<\/strong><br \/>\nEinige vermuten, dass die Herkunft der Faschingsauftaktzahl Elf auf eine Urkunde aus dem Jahre 1381 zur\u00fcckgeht. Denn auf der Gr\u00fcndungsurkunde eines fr\u00fchen Faschingsclubs, der Geckenverein zu Kleve, steht der Wahlslogan &#8222;Ey, lustig, fr\u00f6hlich&#8220;. Die Abk\u00fcrzung des Wahlspruchs ergibt die Zahl \u201eElf\u201c.<\/p>\n<p><strong>Der Bauernkalender<\/strong><br \/>\nEine andere Theorie besagt, dass der 11. November zum Feiern genutzt wurde, weil dieser Tag bei den Bauern seit vielen Jahrzehnten das Ende des landwirtschaftlichen Wirtschaftsjahres markierte. An diesem Tag war die Ernte eingefahren, die Arbeit der landwirtschaftlichen Betriebe endete bis zum Fr\u00fchjahr und M\u00e4gde und Knechte bekamen ihren Lohn ausgezahlt \u2013 somit hatten sie mehr als genug Gr\u00fcnde, um ausgelassen zu feiern.<\/p>\n<p><strong>Zur Verspottung der franz\u00f6sischen Revolution<\/strong><br \/>\nEin weiteres Ger\u00fccht besagt, dass die Karnevalsvereine die Zahl 11 w\u00e4hlten, weil sie sich damit \u00fcber die Franz\u00f6sische Revolution lustig machen wollten. Der Wahlspruch der Revolution lautete Egalit\u00e9, Libert\u00e9, Fraternit\u00e9. Abgek\u00fcrzt ergibt sich die Zahl Elf, weshalb als Start f\u00fcr den Karneval der 11.11 gew\u00e4hlt wurde. Von allen vorhandenen Erkl\u00e4rungen ist diese allerdings die abwegigste.<\/p>\n<p>Quellenangabe \/ Bild<\/p>\n<p><span style=\"color: #333333;\">\u00a9 Johanna M\u00fchlbauer<\/span><span style=\"color: #535353;\"> \/ <a style=\"color: #893769;\" title=\"fotolia.com\" href=\"http:\/\/de.fotolia.com\/\" target=\"_blank\">Fotolia.com<\/a><\/span><\/p>\n","protected":false},"excerpt":{"rendered":"<p>Der 11. November ist f\u00fcr Karnevalisten ein ganz besonderes Datum, denn p\u00fcnktlich um 11.11 Uhr ist der offizielle Beginn der j\u00e4hrlichen Karnevalszeit. In vielen Karnevalshochburgen wird dieser Zeitpunkt gro\u00df gefeiert. In K\u00f6ln pr\u00e4sentiert sich erstmals das Dreigestirn bestehend aus Prinzen, Bauern und Jungfrau und mehrere Tausende verkleidete Jecken feiern auf dem Heumarkt den Auftakt der [&hellip;]<\/p>\n","protected":false},"author":2,"featured_media":0,"comment_status":"open","ping_status":"open","sticky":false,"template":"","format":"standard","meta":{"footnotes":""},"categories":[49],"tags":[50,133],"class_list":["post-1244","post","type-post","status-publish","format-standard","hentry","category-karneval","tag-fasching","tag-karneval"],"yoast_head":"<!-- This site is optimized with the Yoast SEO Premium plugin v26.0 (Yoast SEO v27.5) - https:\/\/yoast.com\/product\/yoast-seo-premium-wordpress\/ -->\n<title>Warum beginnt am 11.11 um 11.11 Uhr Karneval? -<\/title>\n<meta name=\"description\" content=\"Warum beginnt der Karneval jedes Jahr am 11. November um exakt 11.11 Uhr? &#9989; Wir kl\u00e4ren Sie dar\u00fcber auf &#9989; Einfach unsere Seite besuchen und informieren!\" \/>\n<meta name=\"robots\" content=\"index, follow, max-snippet:-1, max-image-preview:large, max-video-preview:-1\" \/>\n<link rel=\"canonical\" href=\"https:\/\/www.neumeyer-abzeichen.de\/blog\/warum-beginnt-am-11-11-um-11-11-uhr-karneval\/\" \/>\n<meta property=\"og:locale\" content=\"de_DE\" \/>\n<meta property=\"og:type\" content=\"article\" \/>\n<meta property=\"og:title\" content=\"Warum beginnt am 11.11 um 11.11 Uhr Karneval?\" \/>\n<meta property=\"og:description\" content=\"Warum beginnt der Karneval jedes Jahr am 11. November um exakt 11.11 Uhr? &#9989; Wir kl\u00e4ren Sie dar\u00fcber auf &#9989; Einfach unsere Seite besuchen und informieren!\" \/>\n<meta property=\"og:url\" content=\"https:\/\/www.neumeyer-abzeichen.de\/blog\/warum-beginnt-am-11-11-um-11-11-uhr-karneval\/\" \/>\n<meta property=\"og:site_name\" content=\"Neumeyer-Abzeichen-Blog\" \/>\n<meta property=\"article:published_time\" content=\"2016-11-11T08:06:51+00:00\" \/>\n<meta property=\"article:modified_time\" content=\"2018-01-09T14:46:30+00:00\" \/>\n<meta property=\"og:image\" content=\"https:\/\/www.neumeyer-abzeichen.de\/blog\/wp-content\/uploads\/2016\/11\/11.11.-Faschingsbeginn.jpg\" \/>\n\t<meta property=\"og:image:width\" content=\"424\" \/>\n\t<meta property=\"og:image:height\" content=\"313\" \/>\n\t<meta property=\"og:image:type\" content=\"image\/jpeg\" \/>\n<meta name=\"author\" content=\"Neumeyer Abzeichen\" \/>\n<meta name=\"twitter:label1\" content=\"Verfasst von\" \/>\n\t<meta name=\"twitter:data1\" content=\"Neumeyer Abzeichen\" \/>\n\t<meta name=\"twitter:label2\" content=\"Gesch\u00e4tzte Lesezeit\" \/>\n\t<meta name=\"twitter:data2\" content=\"3\u00a0Minuten\" \/>\n<script type=\"application\/ld+json\" class=\"yoast-schema-graph\">{\"@context\":\"https:\\\/\\\/schema.org\",\"@graph\":[{\"@type\":\"Article\",\"@id\":\"https:\\\/\\\/www.neumeyer-abzeichen.de\\\/blog\\\/warum-beginnt-am-11-11-um-11-11-uhr-karneval\\\/#article\",\"isPartOf\":{\"@id\":\"https:\\\/\\\/www.neumeyer-abzeichen.de\\\/blog\\\/warum-beginnt-am-11-11-um-11-11-uhr-karneval\\\/\"},\"author\":{\"name\":\"Neumeyer Abzeichen\",\"@id\":\"https:\\\/\\\/www.neumeyer-abzeichen.de\\\/blog\\\/#\\\/schema\\\/person\\\/ef6a4275dfcf6c8f90df7d6bbb35e065\"},\"headline\":\"Warum beginnt am 11.11 um 11.11 Uhr Karneval?\",\"datePublished\":\"2016-11-11T08:06:51+00:00\",\"dateModified\":\"2018-01-09T14:46:30+00:00\",\"mainEntityOfPage\":{\"@id\":\"https:\\\/\\\/www.neumeyer-abzeichen.de\\\/blog\\\/warum-beginnt-am-11-11-um-11-11-uhr-karneval\\\/\"},\"wordCount\":670,\"commentCount\":0,\"image\":{\"@id\":\"https:\\\/\\\/www.neumeyer-abzeichen.de\\\/blog\\\/warum-beginnt-am-11-11-um-11-11-uhr-karneval\\\/#primaryimage\"},\"thumbnailUrl\":\"https:\\\/\\\/www.neumeyer-abzeichen.de\\\/blog\\\/wp-content\\\/uploads\\\/2016\\\/11\\\/11.11.-Faschingsbeginn.jpg\",\"keywords\":[\"Fasching\",\"Karneval\"],\"articleSection\":[\"Karneval\"],\"inLanguage\":\"de\",\"potentialAction\":[{\"@type\":\"CommentAction\",\"name\":\"Comment\",\"target\":[\"https:\\\/\\\/www.neumeyer-abzeichen.de\\\/blog\\\/warum-beginnt-am-11-11-um-11-11-uhr-karneval\\\/#respond\"]}]},{\"@type\":\"WebPage\",\"@id\":\"https:\\\/\\\/www.neumeyer-abzeichen.de\\\/blog\\\/warum-beginnt-am-11-11-um-11-11-uhr-karneval\\\/\",\"url\":\"https:\\\/\\\/www.neumeyer-abzeichen.de\\\/blog\\\/warum-beginnt-am-11-11-um-11-11-uhr-karneval\\\/\",\"name\":\"Warum beginnt am 11.11 um 11.11 Uhr Karneval? -\",\"isPartOf\":{\"@id\":\"https:\\\/\\\/www.neumeyer-abzeichen.de\\\/blog\\\/#website\"},\"primaryImageOfPage\":{\"@id\":\"https:\\\/\\\/www.neumeyer-abzeichen.de\\\/blog\\\/warum-beginnt-am-11-11-um-11-11-uhr-karneval\\\/#primaryimage\"},\"image\":{\"@id\":\"https:\\\/\\\/www.neumeyer-abzeichen.de\\\/blog\\\/warum-beginnt-am-11-11-um-11-11-uhr-karneval\\\/#primaryimage\"},\"thumbnailUrl\":\"https:\\\/\\\/www.neumeyer-abzeichen.de\\\/blog\\\/wp-content\\\/uploads\\\/2016\\\/11\\\/11.11.-Faschingsbeginn.jpg\",\"datePublished\":\"2016-11-11T08:06:51+00:00\",\"dateModified\":\"2018-01-09T14:46:30+00:00\",\"author\":{\"@id\":\"https:\\\/\\\/www.neumeyer-abzeichen.de\\\/blog\\\/#\\\/schema\\\/person\\\/ef6a4275dfcf6c8f90df7d6bbb35e065\"},\"description\":\"Warum beginnt der Karneval jedes Jahr am 11. November um exakt 11.11 Uhr? &#9989; Wir kl\u00e4ren Sie dar\u00fcber auf &#9989; Einfach unsere Seite besuchen und informieren!\",\"breadcrumb\":{\"@id\":\"https:\\\/\\\/www.neumeyer-abzeichen.de\\\/blog\\\/warum-beginnt-am-11-11-um-11-11-uhr-karneval\\\/#breadcrumb\"},\"inLanguage\":\"de\",\"potentialAction\":[{\"@type\":\"ReadAction\",\"target\":[\"https:\\\/\\\/www.neumeyer-abzeichen.de\\\/blog\\\/warum-beginnt-am-11-11-um-11-11-uhr-karneval\\\/\"]}]},{\"@type\":\"ImageObject\",\"inLanguage\":\"de\",\"@id\":\"https:\\\/\\\/www.neumeyer-abzeichen.de\\\/blog\\\/warum-beginnt-am-11-11-um-11-11-uhr-karneval\\\/#primaryimage\",\"url\":\"https:\\\/\\\/www.neumeyer-abzeichen.de\\\/blog\\\/wp-content\\\/uploads\\\/2016\\\/11\\\/11.11.-Faschingsbeginn.jpg\",\"contentUrl\":\"https:\\\/\\\/www.neumeyer-abzeichen.de\\\/blog\\\/wp-content\\\/uploads\\\/2016\\\/11\\\/11.11.-Faschingsbeginn.jpg\",\"width\":424,\"height\":313,\"caption\":\"11.11. Faschingsbeginn\"},{\"@type\":\"BreadcrumbList\",\"@id\":\"https:\\\/\\\/www.neumeyer-abzeichen.de\\\/blog\\\/warum-beginnt-am-11-11-um-11-11-uhr-karneval\\\/#breadcrumb\",\"itemListElement\":[{\"@type\":\"ListItem\",\"position\":1,\"name\":\"Home\",\"item\":\"https:\\\/\\\/www.neumeyer-abzeichen.de\\\/blog\\\/\"},{\"@type\":\"ListItem\",\"position\":2,\"name\":\"Warum beginnt am 11.11 um 11.11 Uhr Karneval?\"}]},{\"@type\":\"WebSite\",\"@id\":\"https:\\\/\\\/www.neumeyer-abzeichen.de\\\/blog\\\/#website\",\"url\":\"https:\\\/\\\/www.neumeyer-abzeichen.de\\\/blog\\\/\",\"name\":\"Neumeyer-Abzeichen-Blog\",\"description\":\"Der Abzeichen- und Fanartikel-Blog\",\"potentialAction\":[{\"@type\":\"SearchAction\",\"target\":{\"@type\":\"EntryPoint\",\"urlTemplate\":\"https:\\\/\\\/www.neumeyer-abzeichen.de\\\/blog\\\/?s={search_term_string}\"},\"query-input\":{\"@type\":\"PropertyValueSpecification\",\"valueRequired\":true,\"valueName\":\"search_term_string\"}}],\"inLanguage\":\"de\"},{\"@type\":\"Person\",\"@id\":\"https:\\\/\\\/www.neumeyer-abzeichen.de\\\/blog\\\/#\\\/schema\\\/person\\\/ef6a4275dfcf6c8f90df7d6bbb35e065\",\"name\":\"Neumeyer Abzeichen\",\"image\":{\"@type\":\"ImageObject\",\"inLanguage\":\"de\",\"@id\":\"https:\\\/\\\/secure.gravatar.com\\\/avatar\\\/38c599b91d2c6cf6955b91ab094c45d12822a567a5a8793864fc6711e652496e?s=96&d=mm&r=g\",\"url\":\"https:\\\/\\\/secure.gravatar.com\\\/avatar\\\/38c599b91d2c6cf6955b91ab094c45d12822a567a5a8793864fc6711e652496e?s=96&d=mm&r=g\",\"contentUrl\":\"https:\\\/\\\/secure.gravatar.com\\\/avatar\\\/38c599b91d2c6cf6955b91ab094c45d12822a567a5a8793864fc6711e652496e?s=96&d=mm&r=g\",\"caption\":\"Neumeyer Abzeichen\"},\"url\":\"https:\\\/\\\/www.neumeyer-abzeichen.de\\\/blog\\\/author\\\/neumeyer-abzeichen\\\/\"}]}<\/script>\n<!-- \/ Yoast SEO Premium plugin. -->","yoast_head_json":{"title":"Warum beginnt am 11.11 um 11.11 Uhr Karneval? -","description":"Warum beginnt der Karneval jedes Jahr am 11. November um exakt 11.11 Uhr? &#9989; Wir kl\u00e4ren Sie dar\u00fcber auf &#9989; Einfach unsere Seite besuchen und informieren!","robots":{"index":"index","follow":"follow","max-snippet":"max-snippet:-1","max-image-preview":"max-image-preview:large","max-video-preview":"max-video-preview:-1"},"canonical":"https:\/\/www.neumeyer-abzeichen.de\/blog\/warum-beginnt-am-11-11-um-11-11-uhr-karneval\/","og_locale":"de_DE","og_type":"article","og_title":"Warum beginnt am 11.11 um 11.11 Uhr Karneval?","og_description":"Warum beginnt der Karneval jedes Jahr am 11. November um exakt 11.11 Uhr? &#9989; Wir kl\u00e4ren Sie dar\u00fcber auf &#9989; Einfach unsere Seite besuchen und informieren!","og_url":"https:\/\/www.neumeyer-abzeichen.de\/blog\/warum-beginnt-am-11-11-um-11-11-uhr-karneval\/","og_site_name":"Neumeyer-Abzeichen-Blog","article_published_time":"2016-11-11T08:06:51+00:00","article_modified_time":"2018-01-09T14:46:30+00:00","og_image":[{"width":424,"height":313,"url":"https:\/\/www.neumeyer-abzeichen.de\/blog\/wp-content\/uploads\/2016\/11\/11.11.-Faschingsbeginn.jpg","type":"image\/jpeg"}],"author":"Neumeyer Abzeichen","twitter_misc":{"Verfasst von":"Neumeyer Abzeichen","Gesch\u00e4tzte Lesezeit":"3\u00a0Minuten"},"schema":{"@context":"https:\/\/schema.org","@graph":[{"@type":"Article","@id":"https:\/\/www.neumeyer-abzeichen.de\/blog\/warum-beginnt-am-11-11-um-11-11-uhr-karneval\/#article","isPartOf":{"@id":"https:\/\/www.neumeyer-abzeichen.de\/blog\/warum-beginnt-am-11-11-um-11-11-uhr-karneval\/"},"author":{"name":"Neumeyer Abzeichen","@id":"https:\/\/www.neumeyer-abzeichen.de\/blog\/#\/schema\/person\/ef6a4275dfcf6c8f90df7d6bbb35e065"},"headline":"Warum beginnt am 11.11 um 11.11 Uhr Karneval?","datePublished":"2016-11-11T08:06:51+00:00","dateModified":"2018-01-09T14:46:30+00:00","mainEntityOfPage":{"@id":"https:\/\/www.neumeyer-abzeichen.de\/blog\/warum-beginnt-am-11-11-um-11-11-uhr-karneval\/"},"wordCount":670,"commentCount":0,"image":{"@id":"https:\/\/www.neumeyer-abzeichen.de\/blog\/warum-beginnt-am-11-11-um-11-11-uhr-karneval\/#primaryimage"},"thumbnailUrl":"https:\/\/www.neumeyer-abzeichen.de\/blog\/wp-content\/uploads\/2016\/11\/11.11.-Faschingsbeginn.jpg","keywords":["Fasching","Karneval"],"articleSection":["Karneval"],"inLanguage":"de","potentialAction":[{"@type":"CommentAction","name":"Comment","target":["https:\/\/www.neumeyer-abzeichen.de\/blog\/warum-beginnt-am-11-11-um-11-11-uhr-karneval\/#respond"]}]},{"@type":"WebPage","@id":"https:\/\/www.neumeyer-abzeichen.de\/blog\/warum-beginnt-am-11-11-um-11-11-uhr-karneval\/","url":"https:\/\/www.neumeyer-abzeichen.de\/blog\/warum-beginnt-am-11-11-um-11-11-uhr-karneval\/","name":"Warum beginnt am 11.11 um 11.11 Uhr Karneval? -","isPartOf":{"@id":"https:\/\/www.neumeyer-abzeichen.de\/blog\/#website"},"primaryImageOfPage":{"@id":"https:\/\/www.neumeyer-abzeichen.de\/blog\/warum-beginnt-am-11-11-um-11-11-uhr-karneval\/#primaryimage"},"image":{"@id":"https:\/\/www.neumeyer-abzeichen.de\/blog\/warum-beginnt-am-11-11-um-11-11-uhr-karneval\/#primaryimage"},"thumbnailUrl":"https:\/\/www.neumeyer-abzeichen.de\/blog\/wp-content\/uploads\/2016\/11\/11.11.-Faschingsbeginn.jpg","datePublished":"2016-11-11T08:06:51+00:00","dateModified":"2018-01-09T14:46:30+00:00","author":{"@id":"https:\/\/www.neumeyer-abzeichen.de\/blog\/#\/schema\/person\/ef6a4275dfcf6c8f90df7d6bbb35e065"},"description":"Warum beginnt der Karneval jedes Jahr am 11. November um exakt 11.11 Uhr? &#9989; Wir kl\u00e4ren Sie dar\u00fcber auf &#9989; Einfach unsere Seite besuchen und informieren!","breadcrumb":{"@id":"https:\/\/www.neumeyer-abzeichen.de\/blog\/warum-beginnt-am-11-11-um-11-11-uhr-karneval\/#breadcrumb"},"inLanguage":"de","potentialAction":[{"@type":"ReadAction","target":["https:\/\/www.neumeyer-abzeichen.de\/blog\/warum-beginnt-am-11-11-um-11-11-uhr-karneval\/"]}]},{"@type":"ImageObject","inLanguage":"de","@id":"https:\/\/www.neumeyer-abzeichen.de\/blog\/warum-beginnt-am-11-11-um-11-11-uhr-karneval\/#primaryimage","url":"https:\/\/www.neumeyer-abzeichen.de\/blog\/wp-content\/uploads\/2016\/11\/11.11.-Faschingsbeginn.jpg","contentUrl":"https:\/\/www.neumeyer-abzeichen.de\/blog\/wp-content\/uploads\/2016\/11\/11.11.-Faschingsbeginn.jpg","width":424,"height":313,"caption":"11.11. Faschingsbeginn"},{"@type":"BreadcrumbList","@id":"https:\/\/www.neumeyer-abzeichen.de\/blog\/warum-beginnt-am-11-11-um-11-11-uhr-karneval\/#breadcrumb","itemListElement":[{"@type":"ListItem","position":1,"name":"Home","item":"https:\/\/www.neumeyer-abzeichen.de\/blog\/"},{"@type":"ListItem","position":2,"name":"Warum beginnt am 11.11 um 11.11 Uhr Karneval?"}]},{"@type":"WebSite","@id":"https:\/\/www.neumeyer-abzeichen.de\/blog\/#website","url":"https:\/\/www.neumeyer-abzeichen.de\/blog\/","name":"Neumeyer-Abzeichen-Blog","description":"Der Abzeichen- und Fanartikel-Blog","potentialAction":[{"@type":"SearchAction","target":{"@type":"EntryPoint","urlTemplate":"https:\/\/www.neumeyer-abzeichen.de\/blog\/?s={search_term_string}"},"query-input":{"@type":"PropertyValueSpecification","valueRequired":true,"valueName":"search_term_string"}}],"inLanguage":"de"},{"@type":"Person","@id":"https:\/\/www.neumeyer-abzeichen.de\/blog\/#\/schema\/person\/ef6a4275dfcf6c8f90df7d6bbb35e065","name":"Neumeyer Abzeichen","image":{"@type":"ImageObject","inLanguage":"de","@id":"https:\/\/secure.gravatar.com\/avatar\/38c599b91d2c6cf6955b91ab094c45d12822a567a5a8793864fc6711e652496e?s=96&d=mm&r=g","url":"https:\/\/secure.gravatar.com\/avatar\/38c599b91d2c6cf6955b91ab094c45d12822a567a5a8793864fc6711e652496e?s=96&d=mm&r=g","contentUrl":"https:\/\/secure.gravatar.com\/avatar\/38c599b91d2c6cf6955b91ab094c45d12822a567a5a8793864fc6711e652496e?s=96&d=mm&r=g","caption":"Neumeyer Abzeichen"},"url":"https:\/\/www.neumeyer-abzeichen.de\/blog\/author\/neumeyer-abzeichen\/"}]}},"_links":{"self":[{"href":"https:\/\/www.neumeyer-abzeichen.de\/blog\/wp-json\/wp\/v2\/posts\/1244","targetHints":{"allow":["GET"]}}],"collection":[{"href":"https:\/\/www.neumeyer-abzeichen.de\/blog\/wp-json\/wp\/v2\/posts"}],"about":[{"href":"https:\/\/www.neumeyer-abzeichen.de\/blog\/wp-json\/wp\/v2\/types\/post"}],"author":[{"embeddable":true,"href":"https:\/\/www.neumeyer-abzeichen.de\/blog\/wp-json\/wp\/v2\/users\/2"}],"replies":[{"embeddable":true,"href":"https:\/\/www.neumeyer-abzeichen.de\/blog\/wp-json\/wp\/v2\/comments?post=1244"}],"version-history":[{"count":4,"href":"https:\/\/www.neumeyer-abzeichen.de\/blog\/wp-json\/wp\/v2\/posts\/1244\/revisions"}],"predecessor-version":[{"id":1249,"href":"https:\/\/www.neumeyer-abzeichen.de\/blog\/wp-json\/wp\/v2\/posts\/1244\/revisions\/1249"}],"wp:attachment":[{"href":"https:\/\/www.neumeyer-abzeichen.de\/blog\/wp-json\/wp\/v2\/media?parent=1244"}],"wp:term":[{"taxonomy":"category","embeddable":true,"href":"https:\/\/www.neumeyer-abzeichen.de\/blog\/wp-json\/wp\/v2\/categories?post=1244"},{"taxonomy":"post_tag","embeddable":true,"href":"https:\/\/www.neumeyer-abzeichen.de\/blog\/wp-json\/wp\/v2\/tags?post=1244"}],"curies":[{"name":"wp","href":"https:\/\/api.w.org\/{rel}","templated":true}]}}